{"id":9988,"date":"2025-05-06T13:15:17","date_gmt":"2025-05-06T17:15:17","guid":{"rendered":"https:\/\/elconquistadorredloslagos.cl\/test\/?p=9988"},"modified":"2025-05-06T13:15:17","modified_gmt":"2025-05-06T17:15:17","slug":"pesquera-en-ancud-bajo-sancion-por-danos-a-la-fauna-local","status":"publish","type":"post","link":"https:\/\/elconquistadorredloslagos.cl\/test\/blog\/2025\/05\/06\/pesquera-en-ancud-bajo-sancion-por-danos-a-la-fauna-local\/","title":{"rendered":"Pesquera en Ancud bajo sanci\u00f3n por da\u00f1os a la fauna local"},"content":{"rendered":"\n<p>La Superintendencia del Medio Ambiente (SMA) instruy\u00f3 una serie de medidas contra la empresa Inmuebles Catalu\u00f1a Limitada, operadora de la planta pesquera Catalu\u00f1a en la comuna de Ancud, tras verificarse impactos negativos en la fauna silvestre cercana a sus instalaciones.<\/p>\n\n\n\n<p>El origen del caso se remonta a una denuncia ciudadana que alert\u00f3 sobre la presencia de aves muertas en el \u00e1rea. Esta informaci\u00f3n fue corroborada por el Servicio Agr\u00edcola y Ganadero (SAG), lo que motiv\u00f3 una inspecci\u00f3n conjunta con la SMA.<\/p>\n\n\n\n<p>Durante la fiscalizaci\u00f3n, se detectaron aves muertas tanto dentro de las instalaciones como en sus alrededores. \u201cAdem\u00e1s de encontrar ejemplares sin vida, se observ\u00f3 que varias aves eran atra\u00eddas por restos de alimento entre los desechos y materias primas de la planta\u201d, explic\u00f3 Marie Claude Plumer, superintendenta del Medio Ambiente.<\/p>\n\n\n\n<p>Plumer tambi\u00e9n advirti\u00f3 que \u201cla presencia de residuos al aire libre y el deficiente manejo de materiales representa un riesgo significativo para la fauna silvestre, especialmente para las aves que llegan al lugar en busca de comida\u201d.<\/p>\n\n\n\n<p>Ante esta situaci\u00f3n, la SMA estableci\u00f3 un plazo m\u00e1ximo de 45 d\u00edas para que la empresa ejecute diversas acciones correctivas. Entre las medidas exigidas se incluyen la creaci\u00f3n de un plan de contingencia para resguardar la fauna silvestre, la implementaci\u00f3n de monitoreos diarios de aves y mejoras en el tratamiento y almacenamiento de residuos s\u00f3lidos e industriales.<\/p>\n\n\n\n<p>El objetivo es mitigar los efectos ambientales actuales y prevenir futuros da\u00f1os a la biodiversidad del sector. La Superintendencia anunci\u00f3, adem\u00e1s que realizar\u00e1 una nueva inspecci\u00f3n para verificar el cumplimiento de las exigencias impuestas.<\/p>\n\n\n\n<p>\ud83d\udcf7 Contexto<\/p>\n","protected":false},"excerpt":{"rendered":"<p>La Superintendencia del Medio Ambiente (SMA) instruy\u00f3 una serie de medidas contra la empresa Inmuebles Catalu\u00f1a Limitada, operadora de la planta pesquera Catalu\u00f1a en la comuna de Ancud, tras verificarse..<\/p>\n","protected":false},"author":2,"featured_media":9989,"comment_status":"closed","ping_status":"open","sticky":false,"template":"","format":"standard","meta":{"footnotes":""},"categories":[1,28],"tags":[],"class_list":["post-9988","post","type-post","status-publish","format-standard","has-post-thumbnail","hentry","category-acontecer","category-actual"],"rttpg_featured_image_url":{"full":["https:\/\/elconquistadorredloslagos.cl\/test\/wp-content\/uploads\/2025\/05\/IMG-20.jpg",1920,1080,false],"landscape":["https:\/\/elconquistadorredloslagos.cl\/test\/wp-content\/uploads\/2025\/05\/IMG-20.jpg",1920,1080,false],"portraits":["https:\/\/elconquistadorredloslagos.cl\/test\/wp-content\/uploads\/2025\/05\/IMG-20.jpg",1920,1080,false],"thumbnail":["https:\/\/elconquistadorredloslagos.cl\/test\/wp-content\/uploads\/2025\/05\/IMG-20-150x150.jpg",150,150,true],"medium":["https:\/\/elconquistadorredloslagos.cl\/test\/wp-content\/uploads\/2025\/05\/IMG-20-300x169.jpg",300,169,true],"large":["https:\/\/elconquistadorredloslagos.cl\/test\/wp-content\/uploads\/2025\/05\/IMG-20-1024x576.jpg",1024,576,true],"1536x1536":["https:\/\/elconquistadorredloslagos.cl\/test\/wp-content\/uploads\/2025\/05\/IMG-20-1536x864.jpg",1536,864,true],"2048x2048":["https:\/\/elconquistadorredloslagos.cl\/test\/wp-content\/uploads\/2025\/05\/IMG-20.jpg",1920,1080,false]},"rttpg_author":{"display_name":"ccardenas","author_link":"https:\/\/elconquistadorredloslagos.cl\/test\/blog\/author\/ccardenas\/"},"rttpg_comment":0,"rttpg_category":"<a href=\"https:\/\/elconquistadorredloslagos.cl\/test\/blog\/category\/actual\/acontecer\/\" rel=\"category tag\">Acontecer<\/a> <a href=\"https:\/\/elconquistadorredloslagos.cl\/test\/blog\/category\/actual\/\" rel=\"category tag\">Actualidad<\/a>","rttpg_excerpt":"La Superintendencia del Medio Ambiente (SMA) instruy\u00f3 una serie de medidas contra la empresa Inmuebles Catalu\u00f1a Limitada, operadora de la planta pesquera Catalu\u00f1a en la comuna de Ancud, tras verificarse..","_links":{"self":[{"href":"https:\/\/elconquistadorredloslagos.cl\/test\/wp-json\/wp\/v2\/posts\/9988","targetHints":{"allow":["GET"]}}],"collection":[{"href":"https:\/\/elconquistadorredloslagos.cl\/test\/wp-json\/wp\/v2\/posts"}],"about":[{"href":"https:\/\/elconquistadorredloslagos.cl\/test\/wp-json\/wp\/v2\/types\/post"}],"author":[{"embeddable":true,"href":"https:\/\/elconquistadorredloslagos.cl\/test\/wp-json\/wp\/v2\/users\/2"}],"replies":[{"embeddable":true,"href":"https:\/\/elconquistadorredloslagos.cl\/test\/wp-json\/wp\/v2\/comments?post=9988"}],"version-history":[{"count":1,"href":"https:\/\/elconquistadorredloslagos.cl\/test\/wp-json\/wp\/v2\/posts\/9988\/revisions"}],"predecessor-version":[{"id":9990,"href":"https:\/\/elconquistadorredloslagos.cl\/test\/wp-json\/wp\/v2\/posts\/9988\/revisions\/9990"}],"wp:featuredmedia":[{"embeddable":true,"href":"https:\/\/elconquistadorredloslagos.cl\/test\/wp-json\/wp\/v2\/media\/9989"}],"wp:attachment":[{"href":"https:\/\/elconquistadorredloslagos.cl\/test\/wp-json\/wp\/v2\/media?parent=9988"}],"wp:term":[{"taxonomy":"category","embeddable":true,"href":"https:\/\/elconquistadorredloslagos.cl\/test\/wp-json\/wp\/v2\/categories?post=9988"},{"taxonomy":"post_tag","embeddable":true,"href":"https:\/\/elconquistadorredloslagos.cl\/test\/wp-json\/wp\/v2\/tags?post=9988"}],"curies":[{"name":"wp","href":"https:\/\/api.w.org\/{rel}","templated":true}]}}