{"id":9979,"date":"2025-05-06T12:57:54","date_gmt":"2025-05-06T16:57:54","guid":{"rendered":"https:\/\/elconquistadorredloslagos.cl\/test\/?p=9979"},"modified":"2025-05-06T12:57:55","modified_gmt":"2025-05-06T16:57:55","slug":"femicida-argentino-fue-capturado-en-dalcahue-tras-semanas-profugo","status":"publish","type":"post","link":"https:\/\/elconquistadorredloslagos.cl\/test\/blog\/2025\/05\/06\/femicida-argentino-fue-capturado-en-dalcahue-tras-semanas-profugo\/","title":{"rendered":"Femicida argentino fue capturado en Dalcahue tras semanas pr\u00f3fugo"},"content":{"rendered":"\n<p>El ciudadano argentino detenido en la localidad de \u00d1iucho, comuna de Dalcahue, permanecer\u00e1 privado de libertad mientras se tramita su extradici\u00f3n a la Rep\u00fablica Argentina, donde debe cumplir una condena por femicidio en contra de su pareja, a quien roci\u00f3 con combustible y le prendi\u00f3 fuego. Hechos que tuvieron lugar en la ciudad de Esquel.<\/p>\n\n\n\n<p>No obstante, al no estar bajo prisi\u00f3n preventiva, logr\u00f3 evadir a las autoridades y permanecer pr\u00f3fugo por m\u00e1s de dos semanas, hasta que fue capturado en territorio chileno.<\/p>\n\n\n\n<p>La audiencia de control de detenci\u00f3n se desarroll\u00f3 el pasado domingo en el Tribunal de Garant\u00eda de Castro. En ella se expusieron los antecedentes del caso y se resolvi\u00f3 extender su arresto mientras se inicia el procedimiento de extradici\u00f3n.<\/p>\n\n\n\n<p>El fiscal Enrique Canales explic\u00f3 que esta diligencia fue clave para formalizar el proceso y asegurar que el individuo sea devuelto a su pa\u00eds de origen, donde debe cumplir la pena de c\u00e1rcel previamente impuesta.<\/p>\n\n\n\n<figure class=\"wp-block-audio\"><audio controls src=\"https:\/\/elconquistadorredloslagos.cl\/test\/wp-content\/uploads\/2025\/05\/CUNA-FISCAL-CANALES.mp3\"><\/audio><\/figure>\n\n\n\n<p>La ampliaci\u00f3n de su detenci\u00f3n se mantendr\u00e1 hasta este viernes 9 de mayo, fecha en que vence el actual plazo judicial.<\/p>\n\n\n\n<p><\/p>\n","protected":false},"excerpt":{"rendered":"<p>El ciudadano argentino detenido en la localidad de \u00d1iucho, comuna de Dalcahue, permanecer\u00e1 privado de libertad mientras se tramita su extradici\u00f3n a la Rep\u00fablica Argentina, donde debe cumplir una condena..<\/p>\n","protected":false},"author":2,"featured_media":9981,"comment_status":"closed","ping_status":"open","sticky":false,"template":"","format":"standard","meta":{"footnotes":""},"categories":[1,28],"tags":[],"class_list":["post-9979","post","type-post","status-publish","format-standard","has-post-thumbnail","hentry","category-acontecer","category-actual"],"rttpg_featured_image_url":{"full":["https:\/\/elconquistadorredloslagos.cl\/test\/wp-content\/uploads\/2025\/05\/IMG-18.jpg",1920,1080,false],"landscape":["https:\/\/elconquistadorredloslagos.cl\/test\/wp-content\/uploads\/2025\/05\/IMG-18.jpg",1920,1080,false],"portraits":["https:\/\/elconquistadorredloslagos.cl\/test\/wp-content\/uploads\/2025\/05\/IMG-18.jpg",1920,1080,false],"thumbnail":["https:\/\/elconquistadorredloslagos.cl\/test\/wp-content\/uploads\/2025\/05\/IMG-18-150x150.jpg",150,150,true],"medium":["https:\/\/elconquistadorredloslagos.cl\/test\/wp-content\/uploads\/2025\/05\/IMG-18-300x169.jpg",300,169,true],"large":["https:\/\/elconquistadorredloslagos.cl\/test\/wp-content\/uploads\/2025\/05\/IMG-18-1024x576.jpg",1024,576,true],"1536x1536":["https:\/\/elconquistadorredloslagos.cl\/test\/wp-content\/uploads\/2025\/05\/IMG-18-1536x864.jpg",1536,864,true],"2048x2048":["https:\/\/elconquistadorredloslagos.cl\/test\/wp-content\/uploads\/2025\/05\/IMG-18.jpg",1920,1080,false]},"rttpg_author":{"display_name":"ccardenas","author_link":"https:\/\/elconquistadorredloslagos.cl\/test\/blog\/author\/ccardenas\/"},"rttpg_comment":0,"rttpg_category":"<a href=\"https:\/\/elconquistadorredloslagos.cl\/test\/blog\/category\/actual\/acontecer\/\" rel=\"category tag\">Acontecer<\/a> <a href=\"https:\/\/elconquistadorredloslagos.cl\/test\/blog\/category\/actual\/\" rel=\"category tag\">Actualidad<\/a>","rttpg_excerpt":"El ciudadano argentino detenido en la localidad de \u00d1iucho, comuna de Dalcahue, permanecer\u00e1 privado de libertad mientras se tramita su extradici\u00f3n a la Rep\u00fablica Argentina, donde debe cumplir una condena..","_links":{"self":[{"href":"https:\/\/elconquistadorredloslagos.cl\/test\/wp-json\/wp\/v2\/posts\/9979","targetHints":{"allow":["GET"]}}],"collection":[{"href":"https:\/\/elconquistadorredloslagos.cl\/test\/wp-json\/wp\/v2\/posts"}],"about":[{"href":"https:\/\/elconquistadorredloslagos.cl\/test\/wp-json\/wp\/v2\/types\/post"}],"author":[{"embeddable":true,"href":"https:\/\/elconquistadorredloslagos.cl\/test\/wp-json\/wp\/v2\/users\/2"}],"replies":[{"embeddable":true,"href":"https:\/\/elconquistadorredloslagos.cl\/test\/wp-json\/wp\/v2\/comments?post=9979"}],"version-history":[{"count":1,"href":"https:\/\/elconquistadorredloslagos.cl\/test\/wp-json\/wp\/v2\/posts\/9979\/revisions"}],"predecessor-version":[{"id":9982,"href":"https:\/\/elconquistadorredloslagos.cl\/test\/wp-json\/wp\/v2\/posts\/9979\/revisions\/9982"}],"wp:featuredmedia":[{"embeddable":true,"href":"https:\/\/elconquistadorredloslagos.cl\/test\/wp-json\/wp\/v2\/media\/9981"}],"wp:attachment":[{"href":"https:\/\/elconquistadorredloslagos.cl\/test\/wp-json\/wp\/v2\/media?parent=9979"}],"wp:term":[{"taxonomy":"category","embeddable":true,"href":"https:\/\/elconquistadorredloslagos.cl\/test\/wp-json\/wp\/v2\/categories?post=9979"},{"taxonomy":"post_tag","embeddable":true,"href":"https:\/\/elconquistadorredloslagos.cl\/test\/wp-json\/wp\/v2\/tags?post=9979"}],"curies":[{"name":"wp","href":"https:\/\/api.w.org\/{rel}","templated":true}]}}