{"id":985,"date":"2024-07-08T15:33:00","date_gmt":"2024-07-08T19:33:00","guid":{"rendered":"https:\/\/elconquistadorredloslagos.cl\/test\/?p=985"},"modified":"2024-07-08T15:33:01","modified_gmt":"2024-07-08T19:33:01","slug":"licitacion-de-canal-yal-es-el-primer-proyecto-del-plan-barcazas-para-chile","status":"publish","type":"post","link":"https:\/\/elconquistadorredloslagos.cl\/test\/blog\/2024\/07\/08\/licitacion-de-canal-yal-es-el-primer-proyecto-del-plan-barcazas-para-chile\/","title":{"rendered":"Licitaci\u00f3n de canal Yal es el primer proyecto del plan barcazas para Chile"},"content":{"rendered":"\n<p>El Ministerio de Transportes y Telecomunicaciones a trav\u00e9s de su Divisi\u00f3n de Transporte P\u00fablico Regional (DTPR), convoc\u00f3 a la industria a participar de una reuni\u00f3n donde se abordaron los principales puntos y cambios que incorporan las nuevas bases de licitaci\u00f3n para el servicio que opera en el Canal Yal, en la regi\u00f3n de Los Lagos.<\/p>\n\n\n\n<p>La ocasi\u00f3n cont\u00f3 con la presencia del subsecretario de Transportes, Jorge Daza, quien agradeci\u00f3 el inter\u00e9s de los asistentes por el proyecto. \u201cPresentamos los contenidos esenciales para la primera licitaci\u00f3n del plan Barcazas para Chile en el Canal Yal, comuna de Puqueld\u00f3n, que permitir\u00e1 mejorar de manera permanente la conectividad mar\u00edtima y la calidad del servicio a trav\u00e9s de una licitaci\u00f3n competitiva de largo plazo\u201d, afirm\u00f3 el subsecretario de la cartera.<\/p>\n\n\n\n<p>La instancia se realiz\u00f3 de manera presencial y en ella los asistentes recibieron informaci\u00f3n de la licitaci\u00f3n y se dio por abierto un per\u00edodo de consultas que los interesados podr\u00e1n hacer a trav\u00e9s de la p\u00e1gina web de la Divisi\u00f3n de Transporte P\u00fablico Regional (www.dtpr.cl). Cabe destacar que el proyecto considera procesos licitatorios m\u00e1s competitivos, adjudicar y dar m\u00e1s plazo para disponer de las naves (construir\/comprar), disponer de naves m\u00e1s nuevas (para disminuir posibilidad de fallas), contratos de mayor duraci\u00f3n que permitan recuperar la inversi\u00f3n al privado, entre otros puntos.<\/p>\n","protected":false},"excerpt":{"rendered":"<p>El Ministerio de Transportes y Telecomunicaciones a trav\u00e9s de su Divisi\u00f3n de Transporte P\u00fablico Regional (DTPR), convoc\u00f3 a la industria a participar de una reuni\u00f3n donde se abordaron los principales..<\/p>\n","protected":false},"author":2,"featured_media":986,"comment_status":"open","ping_status":"open","sticky":false,"template":"","format":"standard","meta":{"footnotes":""},"categories":[1],"tags":[],"class_list":["post-985","post","type-post","status-publish","format-standard","has-post-thumbnail","hentry","category-acontecer"],"rttpg_featured_image_url":{"full":["https:\/\/elconquistadorredloslagos.cl\/test\/wp-content\/uploads\/2024\/07\/CanalYal2.jpeg",750,400,false],"landscape":["https:\/\/elconquistadorredloslagos.cl\/test\/wp-content\/uploads\/2024\/07\/CanalYal2.jpeg",750,400,false],"portraits":["https:\/\/elconquistadorredloslagos.cl\/test\/wp-content\/uploads\/2024\/07\/CanalYal2.jpeg",750,400,false],"thumbnail":["https:\/\/elconquistadorredloslagos.cl\/test\/wp-content\/uploads\/2024\/07\/CanalYal2-150x150.jpeg",150,150,true],"medium":["https:\/\/elconquistadorredloslagos.cl\/test\/wp-content\/uploads\/2024\/07\/CanalYal2-300x160.jpeg",300,160,true],"large":["https:\/\/elconquistadorredloslagos.cl\/test\/wp-content\/uploads\/2024\/07\/CanalYal2.jpeg",750,400,false],"1536x1536":["https:\/\/elconquistadorredloslagos.cl\/test\/wp-content\/uploads\/2024\/07\/CanalYal2.jpeg",750,400,false],"2048x2048":["https:\/\/elconquistadorredloslagos.cl\/test\/wp-content\/uploads\/2024\/07\/CanalYal2.jpeg",750,400,false]},"rttpg_author":{"display_name":"ccardenas","author_link":"https:\/\/elconquistadorredloslagos.cl\/test\/blog\/author\/ccardenas\/"},"rttpg_comment":0,"rttpg_category":"<a href=\"https:\/\/elconquistadorredloslagos.cl\/test\/blog\/category\/actual\/acontecer\/\" rel=\"category tag\">Acontecer<\/a>","rttpg_excerpt":"El Ministerio de Transportes y Telecomunicaciones a trav\u00e9s de su Divisi\u00f3n de Transporte P\u00fablico Regional (DTPR), convoc\u00f3 a la industria a participar de una reuni\u00f3n donde se abordaron los principales..","_links":{"self":[{"href":"https:\/\/elconquistadorredloslagos.cl\/test\/wp-json\/wp\/v2\/posts\/985","targetHints":{"allow":["GET"]}}],"collection":[{"href":"https:\/\/elconquistadorredloslagos.cl\/test\/wp-json\/wp\/v2\/posts"}],"about":[{"href":"https:\/\/elconquistadorredloslagos.cl\/test\/wp-json\/wp\/v2\/types\/post"}],"author":[{"embeddable":true,"href":"https:\/\/elconquistadorredloslagos.cl\/test\/wp-json\/wp\/v2\/users\/2"}],"replies":[{"embeddable":true,"href":"https:\/\/elconquistadorredloslagos.cl\/test\/wp-json\/wp\/v2\/comments?post=985"}],"version-history":[{"count":1,"href":"https:\/\/elconquistadorredloslagos.cl\/test\/wp-json\/wp\/v2\/posts\/985\/revisions"}],"predecessor-version":[{"id":987,"href":"https:\/\/elconquistadorredloslagos.cl\/test\/wp-json\/wp\/v2\/posts\/985\/revisions\/987"}],"wp:featuredmedia":[{"embeddable":true,"href":"https:\/\/elconquistadorredloslagos.cl\/test\/wp-json\/wp\/v2\/media\/986"}],"wp:attachment":[{"href":"https:\/\/elconquistadorredloslagos.cl\/test\/wp-json\/wp\/v2\/media?parent=985"}],"wp:term":[{"taxonomy":"category","embeddable":true,"href":"https:\/\/elconquistadorredloslagos.cl\/test\/wp-json\/wp\/v2\/categories?post=985"},{"taxonomy":"post_tag","embeddable":true,"href":"https:\/\/elconquistadorredloslagos.cl\/test\/wp-json\/wp\/v2\/tags?post=985"}],"curies":[{"name":"wp","href":"https:\/\/api.w.org\/{rel}","templated":true}]}}