{"id":976,"date":"2024-07-08T11:02:41","date_gmt":"2024-07-08T15:02:41","guid":{"rendered":"https:\/\/elconquistadorredloslagos.cl\/test\/?p=976"},"modified":"2024-07-08T11:02:42","modified_gmt":"2024-07-08T15:02:42","slug":"rescatan-a-cuatro-personas-del-volcan-osorno","status":"publish","type":"post","link":"https:\/\/elconquistadorredloslagos.cl\/test\/blog\/2024\/07\/08\/rescatan-a-cuatro-personas-del-volcan-osorno\/","title":{"rendered":"Rescatan a cuatro personas del Volc\u00e1n Osorno"},"content":{"rendered":"\n<p>Luego de un fuerte operativo, tres personas adultas en compa\u00f1\u00eda de un ni\u00f1o de 7 a\u00f1os, oriundos de Puerto Montt, lograron ser &nbsp;rescatados desde el sector de La Picada en el volc\u00e1n Osorno. En este lugar se encontraba su refugio.<\/p>\n\n\n\n<p>Mediante el despliegue de diversas instituciones como Bomberos del sector de Las Cascadas, personal de la Corporaci\u00f3n Nacional Forestal (CONAF), se logr\u00f3 establecer contacto con estas personas, momentos en que las condiciones clim\u00e1ticas se situaban de manera adversa, con fr\u00edo y nieve.<\/p>\n\n\n\n<p>Al respecto, delegada presidencial provincial de Osorno, Claudia Pailalef, coment\u00f3 entre otras cosas que \u201cse encontraban, aproximadamente, a dos kil\u00f3metros del refugio del sector La Picada del volc\u00e1n Osorno con principio de hipotermia\u201d, apunt\u00f3.<\/p>\n\n\n\n<p>Posteriormente las personas rescatadas fueron derivadas al servicio de urgencias del Hospital de Puerto Octay.<\/p>\n","protected":false},"excerpt":{"rendered":"<p>Luego de un fuerte operativo, tres personas adultas en compa\u00f1\u00eda de un ni\u00f1o de 7 a\u00f1os, oriundos de Puerto Montt, lograron ser &nbsp;rescatados desde el sector de La Picada en..<\/p>\n","protected":false},"author":2,"featured_media":977,"comment_status":"open","ping_status":"open","sticky":false,"template":"","format":"standard","meta":{"footnotes":""},"categories":[28],"tags":[],"class_list":["post-976","post","type-post","status-publish","format-standard","has-post-thumbnail","hentry","category-actual"],"rttpg_featured_image_url":{"full":["https:\/\/elconquistadorredloslagos.cl\/test\/wp-content\/uploads\/2024\/07\/449785998_879291360899710_3171880577417794224_n.jpg",1152,2048,false],"landscape":["https:\/\/elconquistadorredloslagos.cl\/test\/wp-content\/uploads\/2024\/07\/449785998_879291360899710_3171880577417794224_n.jpg",1152,2048,false],"portraits":["https:\/\/elconquistadorredloslagos.cl\/test\/wp-content\/uploads\/2024\/07\/449785998_879291360899710_3171880577417794224_n.jpg",1152,2048,false],"thumbnail":["https:\/\/elconquistadorredloslagos.cl\/test\/wp-content\/uploads\/2024\/07\/449785998_879291360899710_3171880577417794224_n-150x150.jpg",150,150,true],"medium":["https:\/\/elconquistadorredloslagos.cl\/test\/wp-content\/uploads\/2024\/07\/449785998_879291360899710_3171880577417794224_n-169x300.jpg",169,300,true],"large":["https:\/\/elconquistadorredloslagos.cl\/test\/wp-content\/uploads\/2024\/07\/449785998_879291360899710_3171880577417794224_n-576x1024.jpg",576,1024,true],"1536x1536":["https:\/\/elconquistadorredloslagos.cl\/test\/wp-content\/uploads\/2024\/07\/449785998_879291360899710_3171880577417794224_n-864x1536.jpg",864,1536,true],"2048x2048":["https:\/\/elconquistadorredloslagos.cl\/test\/wp-content\/uploads\/2024\/07\/449785998_879291360899710_3171880577417794224_n.jpg",1152,2048,false]},"rttpg_author":{"display_name":"ccardenas","author_link":"https:\/\/elconquistadorredloslagos.cl\/test\/blog\/author\/ccardenas\/"},"rttpg_comment":0,"rttpg_category":"<a href=\"https:\/\/elconquistadorredloslagos.cl\/test\/blog\/category\/actual\/\" rel=\"category tag\">Actualidad<\/a>","rttpg_excerpt":"Luego de un fuerte operativo, tres personas adultas en compa\u00f1\u00eda de un ni\u00f1o de 7 a\u00f1os, oriundos de Puerto Montt, lograron ser &nbsp;rescatados desde el sector de La Picada en..","_links":{"self":[{"href":"https:\/\/elconquistadorredloslagos.cl\/test\/wp-json\/wp\/v2\/posts\/976","targetHints":{"allow":["GET"]}}],"collection":[{"href":"https:\/\/elconquistadorredloslagos.cl\/test\/wp-json\/wp\/v2\/posts"}],"about":[{"href":"https:\/\/elconquistadorredloslagos.cl\/test\/wp-json\/wp\/v2\/types\/post"}],"author":[{"embeddable":true,"href":"https:\/\/elconquistadorredloslagos.cl\/test\/wp-json\/wp\/v2\/users\/2"}],"replies":[{"embeddable":true,"href":"https:\/\/elconquistadorredloslagos.cl\/test\/wp-json\/wp\/v2\/comments?post=976"}],"version-history":[{"count":1,"href":"https:\/\/elconquistadorredloslagos.cl\/test\/wp-json\/wp\/v2\/posts\/976\/revisions"}],"predecessor-version":[{"id":978,"href":"https:\/\/elconquistadorredloslagos.cl\/test\/wp-json\/wp\/v2\/posts\/976\/revisions\/978"}],"wp:featuredmedia":[{"embeddable":true,"href":"https:\/\/elconquistadorredloslagos.cl\/test\/wp-json\/wp\/v2\/media\/977"}],"wp:attachment":[{"href":"https:\/\/elconquistadorredloslagos.cl\/test\/wp-json\/wp\/v2\/media?parent=976"}],"wp:term":[{"taxonomy":"category","embeddable":true,"href":"https:\/\/elconquistadorredloslagos.cl\/test\/wp-json\/wp\/v2\/categories?post=976"},{"taxonomy":"post_tag","embeddable":true,"href":"https:\/\/elconquistadorredloslagos.cl\/test\/wp-json\/wp\/v2\/tags?post=976"}],"curies":[{"name":"wp","href":"https:\/\/api.w.org\/{rel}","templated":true}]}}