{"id":9656,"date":"2025-04-24T13:27:33","date_gmt":"2025-04-24T17:27:33","guid":{"rendered":"https:\/\/elconquistadorredloslagos.cl\/test\/?p=9656"},"modified":"2025-04-24T13:27:33","modified_gmt":"2025-04-24T17:27:33","slug":"barco-vinculado-al-caso-bruma-sera-sometido-a-peritajes-en-talcahuano","status":"publish","type":"post","link":"https:\/\/elconquistadorredloslagos.cl\/test\/blog\/2025\/04\/24\/barco-vinculado-al-caso-bruma-sera-sometido-a-peritajes-en-talcahuano\/","title":{"rendered":"Barco vinculado al caso Bruma ser\u00e1 sometido a peritajes en Talcahuano"},"content":{"rendered":"\n<p>La Fiscal\u00eda Regional del Biob\u00edo confirm\u00f3 que la embarcaci\u00f3n industrial \u201cCobra\u201d, vinculada a la investigaci\u00f3n por el naufragio de la lancha artesanal \u201cBruma\u201d, ser\u00e1 ingresada a \u201cdique seco\u201d para la realizaci\u00f3n de pericias t\u00e9cnicas clave en el marco del proceso judicial.<\/p>\n\n\n\n<p>La fiscal regional Marcela Cartagena inform\u00f3 que la Fiscal\u00eda Nacional ha aprobado los recursos necesarios para llevar a cabo esta diligencia, la cual se efectuar\u00e1 en las instalaciones de los Astilleros y Maestranzas de la Armada (ASMAR), ubicadas en la comuna de Talcahuano.<\/p>\n\n\n\n<p>La diligencia forma parte de las indagatorias que buscan esclarecer las causas del hundimiento de la lancha \u201cBruma\u201d, ocurrido en alta mar, hecho en el que permanecen desaparecidos siete tripulantes. Una de las hip\u00f3tesis que cobra mayor fuerza apunta a una posible colisi\u00f3n entre la nave industrial \u201cCobra\u201d y la embarcaci\u00f3n artesanal, sin que se haya brindado auxilio ni se haya notificado a las autoridades mar\u00edtimas correspondientes.<\/p>\n\n\n\n<figure class=\"wp-block-audio\"><audio controls src=\"https:\/\/elconquistadorredloslagos.cl\/test\/wp-content\/uploads\/2025\/04\/CUNA-FISCAL.mp3\"><\/audio><\/figure>\n\n\n\n<p>El procedimiento de inspecci\u00f3n est\u00e1 programado para el viernes 2 de mayo, a partir de las 07.00 horas.<\/p>\n\n\n\n<p>\ud83d\udcf7 Redes sociales<\/p>\n","protected":false},"excerpt":{"rendered":"<p>La Fiscal\u00eda Regional del Biob\u00edo confirm\u00f3 que la embarcaci\u00f3n industrial \u201cCobra\u201d, vinculada a la investigaci\u00f3n por el naufragio de la lancha artesanal \u201cBruma\u201d, ser\u00e1 ingresada a \u201cdique seco\u201d para la..<\/p>\n","protected":false},"author":2,"featured_media":9658,"comment_status":"closed","ping_status":"open","sticky":false,"template":"","format":"standard","meta":{"footnotes":""},"categories":[1,28],"tags":[],"class_list":["post-9656","post","type-post","status-publish","format-standard","has-post-thumbnail","hentry","category-acontecer","category-actual"],"rttpg_featured_image_url":{"full":["https:\/\/elconquistadorredloslagos.cl\/test\/wp-content\/uploads\/2025\/04\/Sin-titulo-1-6.jpg",1920,1080,false],"landscape":["https:\/\/elconquistadorredloslagos.cl\/test\/wp-content\/uploads\/2025\/04\/Sin-titulo-1-6.jpg",1920,1080,false],"portraits":["https:\/\/elconquistadorredloslagos.cl\/test\/wp-content\/uploads\/2025\/04\/Sin-titulo-1-6.jpg",1920,1080,false],"thumbnail":["https:\/\/elconquistadorredloslagos.cl\/test\/wp-content\/uploads\/2025\/04\/Sin-titulo-1-6-150x150.jpg",150,150,true],"medium":["https:\/\/elconquistadorredloslagos.cl\/test\/wp-content\/uploads\/2025\/04\/Sin-titulo-1-6-300x169.jpg",300,169,true],"large":["https:\/\/elconquistadorredloslagos.cl\/test\/wp-content\/uploads\/2025\/04\/Sin-titulo-1-6-1024x576.jpg",1024,576,true],"1536x1536":["https:\/\/elconquistadorredloslagos.cl\/test\/wp-content\/uploads\/2025\/04\/Sin-titulo-1-6-1536x864.jpg",1536,864,true],"2048x2048":["https:\/\/elconquistadorredloslagos.cl\/test\/wp-content\/uploads\/2025\/04\/Sin-titulo-1-6.jpg",1920,1080,false]},"rttpg_author":{"display_name":"ccardenas","author_link":"https:\/\/elconquistadorredloslagos.cl\/test\/blog\/author\/ccardenas\/"},"rttpg_comment":0,"rttpg_category":"<a href=\"https:\/\/elconquistadorredloslagos.cl\/test\/blog\/category\/actual\/acontecer\/\" rel=\"category tag\">Acontecer<\/a> <a href=\"https:\/\/elconquistadorredloslagos.cl\/test\/blog\/category\/actual\/\" rel=\"category tag\">Actualidad<\/a>","rttpg_excerpt":"La Fiscal\u00eda Regional del Biob\u00edo confirm\u00f3 que la embarcaci\u00f3n industrial \u201cCobra\u201d, vinculada a la investigaci\u00f3n por el naufragio de la lancha artesanal \u201cBruma\u201d, ser\u00e1 ingresada a \u201cdique seco\u201d para la..","_links":{"self":[{"href":"https:\/\/elconquistadorredloslagos.cl\/test\/wp-json\/wp\/v2\/posts\/9656","targetHints":{"allow":["GET"]}}],"collection":[{"href":"https:\/\/elconquistadorredloslagos.cl\/test\/wp-json\/wp\/v2\/posts"}],"about":[{"href":"https:\/\/elconquistadorredloslagos.cl\/test\/wp-json\/wp\/v2\/types\/post"}],"author":[{"embeddable":true,"href":"https:\/\/elconquistadorredloslagos.cl\/test\/wp-json\/wp\/v2\/users\/2"}],"replies":[{"embeddable":true,"href":"https:\/\/elconquistadorredloslagos.cl\/test\/wp-json\/wp\/v2\/comments?post=9656"}],"version-history":[{"count":1,"href":"https:\/\/elconquistadorredloslagos.cl\/test\/wp-json\/wp\/v2\/posts\/9656\/revisions"}],"predecessor-version":[{"id":9659,"href":"https:\/\/elconquistadorredloslagos.cl\/test\/wp-json\/wp\/v2\/posts\/9656\/revisions\/9659"}],"wp:featuredmedia":[{"embeddable":true,"href":"https:\/\/elconquistadorredloslagos.cl\/test\/wp-json\/wp\/v2\/media\/9658"}],"wp:attachment":[{"href":"https:\/\/elconquistadorredloslagos.cl\/test\/wp-json\/wp\/v2\/media?parent=9656"}],"wp:term":[{"taxonomy":"category","embeddable":true,"href":"https:\/\/elconquistadorredloslagos.cl\/test\/wp-json\/wp\/v2\/categories?post=9656"},{"taxonomy":"post_tag","embeddable":true,"href":"https:\/\/elconquistadorredloslagos.cl\/test\/wp-json\/wp\/v2\/tags?post=9656"}],"curies":[{"name":"wp","href":"https:\/\/api.w.org\/{rel}","templated":true}]}}