{"id":9652,"date":"2025-04-24T13:08:42","date_gmt":"2025-04-24T17:08:42","guid":{"rendered":"https:\/\/elconquistadorredloslagos.cl\/test\/?p=9652"},"modified":"2025-04-24T13:08:44","modified_gmt":"2025-04-24T17:08:44","slug":"carabineros-rescata-a-dos-turistas-franceses-en-zona-fronteriza-de-la-region-de-los-lagos","status":"publish","type":"post","link":"https:\/\/elconquistadorredloslagos.cl\/test\/blog\/2025\/04\/24\/carabineros-rescata-a-dos-turistas-franceses-en-zona-fronteriza-de-la-region-de-los-lagos\/","title":{"rendered":"Carabineros rescata a dos turistas franceses en zona fronteriza de la Regi\u00f3n de Los Lagos"},"content":{"rendered":"\n<p>Dos ciudadanos franceses fueron rescatados con vida durante la madrugada de este jueves 24 de abril por personal de Carabineros del Ret\u00e9n Llanada Grande, en un operativo de alta complejidad realizado en el sector fronterizo de Paso El Bols\u00f3n, una zona de dif\u00edcil acceso en la cordillera.<\/p>\n\n\n\n<p>Los excursionistas, que se encontraban realizando una traves\u00eda en kayak cerca del l\u00edmite con Argentina, fueron localizados tras una intensa labor de b\u00fasqueda y rescate en plena zona monta\u00f1osa de la regi\u00f3n de Los Lagos.<\/p>\n\n\n\n<p>La capit\u00e1n de Carabineros, Mar\u00eda Jos\u00e9 Ruf, confirm\u00f3 el exitoso operativo y destac\u00f3 la coordinaci\u00f3n del equipo en condiciones extremas.<\/p>\n\n\n\n<figure class=\"wp-block-audio\"><audio controls src=\"https:\/\/elconquistadorredloslagos.cl\/test\/wp-content\/uploads\/2025\/04\/CUNA-CAPITANA.mp3\"><\/audio><\/figure>\n\n\n\n<p><strong>TRAGEDIA EN HUALAIHU\u00c9: BUZO FALLECE TRAS ACCIDENTE EN CENTRO DE CULTIVO<\/strong><\/p>\n\n\n\n<p>En otro hecho ocurrido en la regi\u00f3n, un buzo profesional perdi\u00f3 la vida este mi\u00e9rcoles mientras realizaba labores en un centro de cultivo en la comuna de Hualaihu\u00e9. La v\u00edctima, oriunda de Maull\u00edn, se encontraba trabajando en el sector de Cholgo cuando, seg\u00fan informaciones preliminares, qued\u00f3 atrapado en la h\u00e9lice de una embarcaci\u00f3n.<\/p>\n\n\n\n<p>Tras el accidente, personal de la Armada activ\u00f3 los protocolos establecidos, informando al Ministerio P\u00fablico, que orden\u00f3 la intervenci\u00f3n de personal policial especializado. El fallecido fue identificado con las iniciales J.F.Q.R., de 29 a\u00f1os de edad.<\/p>\n\n\n\n<p>Este caso se suma a una tragedia similar ocurrida el pasado jueves 17 de abril en la regi\u00f3n de Ays\u00e9n, donde otro buzo, oriundo de Ancud, muri\u00f3 mientras desempe\u00f1aba funciones en un centro de cultivo. Se trata del segundo deceso de un trabajador de este rubro en menos de una semana, lo que vuelve a poner en evidencia los riesgos asociados a estas labores.<\/p>\n\n\n\n<p>\ud83d\udcf7 Captura de video &#8211; Redes sociales<\/p>\n","protected":false},"excerpt":{"rendered":"<p>Dos ciudadanos franceses fueron rescatados con vida durante la madrugada de este jueves 24 de abril por personal de Carabineros del Ret\u00e9n Llanada Grande, en un operativo de alta complejidad..<\/p>\n","protected":false},"author":2,"featured_media":9654,"comment_status":"closed","ping_status":"open","sticky":false,"template":"","format":"standard","meta":{"footnotes":""},"categories":[1,28],"tags":[],"class_list":["post-9652","post","type-post","status-publish","format-standard","has-post-thumbnail","hentry","category-acontecer","category-actual"],"rttpg_featured_image_url":{"full":["https:\/\/elconquistadorredloslagos.cl\/test\/wp-content\/uploads\/2025\/04\/Sin-titulo-1-5.jpg",1920,1080,false],"landscape":["https:\/\/elconquistadorredloslagos.cl\/test\/wp-content\/uploads\/2025\/04\/Sin-titulo-1-5.jpg",1920,1080,false],"portraits":["https:\/\/elconquistadorredloslagos.cl\/test\/wp-content\/uploads\/2025\/04\/Sin-titulo-1-5.jpg",1920,1080,false],"thumbnail":["https:\/\/elconquistadorredloslagos.cl\/test\/wp-content\/uploads\/2025\/04\/Sin-titulo-1-5-150x150.jpg",150,150,true],"medium":["https:\/\/elconquistadorredloslagos.cl\/test\/wp-content\/uploads\/2025\/04\/Sin-titulo-1-5-300x169.jpg",300,169,true],"large":["https:\/\/elconquistadorredloslagos.cl\/test\/wp-content\/uploads\/2025\/04\/Sin-titulo-1-5-1024x576.jpg",1024,576,true],"1536x1536":["https:\/\/elconquistadorredloslagos.cl\/test\/wp-content\/uploads\/2025\/04\/Sin-titulo-1-5-1536x864.jpg",1536,864,true],"2048x2048":["https:\/\/elconquistadorredloslagos.cl\/test\/wp-content\/uploads\/2025\/04\/Sin-titulo-1-5.jpg",1920,1080,false]},"rttpg_author":{"display_name":"ccardenas","author_link":"https:\/\/elconquistadorredloslagos.cl\/test\/blog\/author\/ccardenas\/"},"rttpg_comment":0,"rttpg_category":"<a href=\"https:\/\/elconquistadorredloslagos.cl\/test\/blog\/category\/actual\/acontecer\/\" rel=\"category tag\">Acontecer<\/a> <a href=\"https:\/\/elconquistadorredloslagos.cl\/test\/blog\/category\/actual\/\" rel=\"category tag\">Actualidad<\/a>","rttpg_excerpt":"Dos ciudadanos franceses fueron rescatados con vida durante la madrugada de este jueves 24 de abril por personal de Carabineros del Ret\u00e9n Llanada Grande, en un operativo de alta complejidad..","_links":{"self":[{"href":"https:\/\/elconquistadorredloslagos.cl\/test\/wp-json\/wp\/v2\/posts\/9652","targetHints":{"allow":["GET"]}}],"collection":[{"href":"https:\/\/elconquistadorredloslagos.cl\/test\/wp-json\/wp\/v2\/posts"}],"about":[{"href":"https:\/\/elconquistadorredloslagos.cl\/test\/wp-json\/wp\/v2\/types\/post"}],"author":[{"embeddable":true,"href":"https:\/\/elconquistadorredloslagos.cl\/test\/wp-json\/wp\/v2\/users\/2"}],"replies":[{"embeddable":true,"href":"https:\/\/elconquistadorredloslagos.cl\/test\/wp-json\/wp\/v2\/comments?post=9652"}],"version-history":[{"count":1,"href":"https:\/\/elconquistadorredloslagos.cl\/test\/wp-json\/wp\/v2\/posts\/9652\/revisions"}],"predecessor-version":[{"id":9655,"href":"https:\/\/elconquistadorredloslagos.cl\/test\/wp-json\/wp\/v2\/posts\/9652\/revisions\/9655"}],"wp:featuredmedia":[{"embeddable":true,"href":"https:\/\/elconquistadorredloslagos.cl\/test\/wp-json\/wp\/v2\/media\/9654"}],"wp:attachment":[{"href":"https:\/\/elconquistadorredloslagos.cl\/test\/wp-json\/wp\/v2\/media?parent=9652"}],"wp:term":[{"taxonomy":"category","embeddable":true,"href":"https:\/\/elconquistadorredloslagos.cl\/test\/wp-json\/wp\/v2\/categories?post=9652"},{"taxonomy":"post_tag","embeddable":true,"href":"https:\/\/elconquistadorredloslagos.cl\/test\/wp-json\/wp\/v2\/tags?post=9652"}],"curies":[{"name":"wp","href":"https:\/\/api.w.org\/{rel}","templated":true}]}}