{"id":9646,"date":"2025-04-24T11:06:43","date_gmt":"2025-04-24T15:06:43","guid":{"rendered":"https:\/\/elconquistadorredloslagos.cl\/test\/?p=9646"},"modified":"2025-04-24T11:06:48","modified_gmt":"2025-04-24T15:06:48","slug":"centro-de-salud-la-colina-uach-realiza-286-atenciones-gratuitas-en-escuela-de-formacion-de-carabineros-de-puerto-montt","status":"publish","type":"post","link":"https:\/\/elconquistadorredloslagos.cl\/test\/blog\/2025\/04\/24\/centro-de-salud-la-colina-uach-realiza-286-atenciones-gratuitas-en-escuela-de-formacion-de-carabineros-de-puerto-montt\/","title":{"rendered":"Centro de Salud La Colina UACh realiza 286 atenciones gratuitas en Escuela de Formaci\u00f3n de Carabineros de Puerto Montt"},"content":{"rendered":"\n<h5 class=\"wp-block-heading\"><em>La jornada incluy\u00f3 atenciones en otorrinolaringolog\u00eda y oftalmolog\u00eda, adem\u00e1s de charlas sobre el cuidado de la voz dirigidas tanto a docentes como a estudiantes.<\/em><\/h5>\n\n\n\n<p>El Centro de Salud La Colina de la Universidad Austral de Chile, Sede Puerto Montt, realiz\u00f3 un operativo gratuito de salud en la Escuela de Formaci\u00f3n de Carabineros, con atenciones en las \u00e1reas de oftalmolog\u00eda y otorrinolaringolog\u00eda. Esta actividad marca un nuevo trabajo colaborativo entre ambas instituciones, gracias al convenio iniciado a comienzos de este a\u00f1o por la gesti\u00f3n de Cristina Vargas, directora del centro.<\/p>\n\n\n\n<p>Durante la ma\u00f1ana, el fonoaudi\u00f3logo Luis Pe\u00f1a, del \u00c1rea de Voz de la Escuela de Fonoaudiolog\u00eda UACh, dict\u00f3 una charla-taller dirigida a docentes sobre el cuidado e higiene vocal, entregando herramientas para prevenir la fatiga vocal y mejorar el uso profesional de la voz. Las charlas tambi\u00e9n fueron dirigidas a los estudiantes de la escuela, quienes participaron activamente en estas instancias formativas.<\/p>\n\n\n\n<p>En el \u00e1rea de otorrinolaringolog\u00eda, liderada por la tecn\u00f3loga m\u00e9dica Mar\u00eda Paz Latorre y el fonoaudi\u00f3logo Andr\u00e9s Navarro, subdirector del Centro de Salud La Colina, se realizaron 130 atenciones, incluyendo otoscopias, limpiezas de o\u00eddo, impedanciometr\u00edas y audiometr\u00edas. Gracias a estas evaluaciones, se identificaron casos que requerir\u00e1n seguimiento m\u00e9dico, junto con brindar orientaci\u00f3n personalizada a las y los asistentes.<\/p>\n\n\n\n<p>Simult\u00e1neamente, el tecn\u00f3logo m\u00e9dico Richard Navarrete, coordinador del \u00e1rea de oftalmolog\u00eda, encabez\u00f3 un screening visual enfocado en la toma de agudeza visual y en refracci\u00f3n a los pacientes que lo requer\u00edan. En total, se efectuaron 156 atenciones, entregando recetas \u00f3pticas a quienes las necesitaban, junto con brindar orientaci\u00f3n personalizada a las y los consultantes, promoviendo as\u00ed el acceso temprano a soluciones visuales.<\/p>\n\n\n\n<p>Por la tarde, el fonoaudi\u00f3logo Sebasti\u00e1n Godoy, tambi\u00e9n del \u00c1rea de Voz de la Escuela de Fonoaudiolog\u00eda, ofreci\u00f3 una charla dirigida a estudiantes de la Escuela de Formaci\u00f3n de Carabineros, con \u00e9nfasis en el uso profesional de la voz. Sumadas ambas presentaciones, cerca de 45 estudiantes participaron activamente en estas instancias formativas, donde se abordaron t\u00e9cnicas de respiraci\u00f3n, proyecci\u00f3n y cuidado vocal.<\/p>\n\n\n\n<p>El teniente L\u00f3pez Pezoa, comandante de escuadr\u00f3n de la Escuela de Formaci\u00f3n de Carabineros en Puerto Montt, destac\u00f3 que la jornada fue una instancia importante para complementar el proceso formativo del alumnado: \u201cLa visita de estudiantes y docentes de la Universidad Austral de Chile ha sido fundamental, ya que nos permiti\u00f3 fortalecer competencias en el \u00e1rea de la salud y mejorar el desempe\u00f1o profesional de nuestros carabineros, tanto desde lo te\u00f3rico como lo pr\u00e1ctico\u201d.<\/p>\n","protected":false},"excerpt":{"rendered":"<p>La jornada incluy\u00f3 atenciones en otorrinolaringolog\u00eda y oftalmolog\u00eda, adem\u00e1s de charlas sobre el cuidado de la voz dirigidas tanto a docentes como a estudiantes. El Centro de Salud La Colina..<\/p>\n","protected":false},"author":7,"featured_media":9647,"comment_status":"closed","ping_status":"open","sticky":false,"template":"","format":"standard","meta":{"footnotes":""},"categories":[1],"tags":[],"class_list":["post-9646","post","type-post","status-publish","format-standard","has-post-thumbnail","hentry","category-acontecer"],"rttpg_featured_image_url":{"full":["https:\/\/elconquistadorredloslagos.cl\/test\/wp-content\/uploads\/2025\/04\/UACH-CARABINEROS.png",1920,1080,false],"landscape":["https:\/\/elconquistadorredloslagos.cl\/test\/wp-content\/uploads\/2025\/04\/UACH-CARABINEROS.png",1920,1080,false],"portraits":["https:\/\/elconquistadorredloslagos.cl\/test\/wp-content\/uploads\/2025\/04\/UACH-CARABINEROS.png",1920,1080,false],"thumbnail":["https:\/\/elconquistadorredloslagos.cl\/test\/wp-content\/uploads\/2025\/04\/UACH-CARABINEROS-150x150.png",150,150,true],"medium":["https:\/\/elconquistadorredloslagos.cl\/test\/wp-content\/uploads\/2025\/04\/UACH-CARABINEROS-300x169.png",300,169,true],"large":["https:\/\/elconquistadorredloslagos.cl\/test\/wp-content\/uploads\/2025\/04\/UACH-CARABINEROS-1024x576.png",1024,576,true],"1536x1536":["https:\/\/elconquistadorredloslagos.cl\/test\/wp-content\/uploads\/2025\/04\/UACH-CARABINEROS-1536x864.png",1536,864,true],"2048x2048":["https:\/\/elconquistadorredloslagos.cl\/test\/wp-content\/uploads\/2025\/04\/UACH-CARABINEROS.png",1920,1080,false]},"rttpg_author":{"display_name":"enzodelahoz1988","author_link":"https:\/\/elconquistadorredloslagos.cl\/test\/blog\/author\/enzodelahoz1988\/"},"rttpg_comment":0,"rttpg_category":"<a href=\"https:\/\/elconquistadorredloslagos.cl\/test\/blog\/category\/actual\/acontecer\/\" rel=\"category tag\">Acontecer<\/a>","rttpg_excerpt":"La jornada incluy\u00f3 atenciones en otorrinolaringolog\u00eda y oftalmolog\u00eda, adem\u00e1s de charlas sobre el cuidado de la voz dirigidas tanto a docentes como a estudiantes. El Centro de Salud La Colina..","_links":{"self":[{"href":"https:\/\/elconquistadorredloslagos.cl\/test\/wp-json\/wp\/v2\/posts\/9646","targetHints":{"allow":["GET"]}}],"collection":[{"href":"https:\/\/elconquistadorredloslagos.cl\/test\/wp-json\/wp\/v2\/posts"}],"about":[{"href":"https:\/\/elconquistadorredloslagos.cl\/test\/wp-json\/wp\/v2\/types\/post"}],"author":[{"embeddable":true,"href":"https:\/\/elconquistadorredloslagos.cl\/test\/wp-json\/wp\/v2\/users\/7"}],"replies":[{"embeddable":true,"href":"https:\/\/elconquistadorredloslagos.cl\/test\/wp-json\/wp\/v2\/comments?post=9646"}],"version-history":[{"count":1,"href":"https:\/\/elconquistadorredloslagos.cl\/test\/wp-json\/wp\/v2\/posts\/9646\/revisions"}],"predecessor-version":[{"id":9648,"href":"https:\/\/elconquistadorredloslagos.cl\/test\/wp-json\/wp\/v2\/posts\/9646\/revisions\/9648"}],"wp:featuredmedia":[{"embeddable":true,"href":"https:\/\/elconquistadorredloslagos.cl\/test\/wp-json\/wp\/v2\/media\/9647"}],"wp:attachment":[{"href":"https:\/\/elconquistadorredloslagos.cl\/test\/wp-json\/wp\/v2\/media?parent=9646"}],"wp:term":[{"taxonomy":"category","embeddable":true,"href":"https:\/\/elconquistadorredloslagos.cl\/test\/wp-json\/wp\/v2\/categories?post=9646"},{"taxonomy":"post_tag","embeddable":true,"href":"https:\/\/elconquistadorredloslagos.cl\/test\/wp-json\/wp\/v2\/tags?post=9646"}],"curies":[{"name":"wp","href":"https:\/\/api.w.org\/{rel}","templated":true}]}}