{"id":9643,"date":"2025-04-24T10:53:58","date_gmt":"2025-04-24T14:53:58","guid":{"rendered":"https:\/\/elconquistadorredloslagos.cl\/test\/?p=9643"},"modified":"2025-04-24T10:53:59","modified_gmt":"2025-04-24T14:53:59","slug":"vecinos-de-cochamo-valoran-impacto-que-genera-programa-familiaspower","status":"publish","type":"post","link":"https:\/\/elconquistadorredloslagos.cl\/test\/blog\/2025\/04\/24\/vecinos-de-cochamo-valoran-impacto-que-genera-programa-familiaspower\/","title":{"rendered":"Vecinos de Cocham\u00f3 valoran impacto que genera Programa \u201cFamiliasPower\u201d"},"content":{"rendered":"\n<h5 class=\"wp-block-heading\"><em>En Pocoihu\u00e9n se lanz\u00f3 una nueva temporada del trabajo que desarrollan en el territorio la Fundaci\u00f3n \u201cFamilias Primero\u201d y la empresa Colb\u00fan; ampliando, esta vez, el c\u00edrculo virtuoso de intervenci\u00f3n.<\/em><\/h5>\n\n\n\n<p>\u201cEsta es segunda vez que participo. A m\u00ed este programa me ayud\u00f3 mucho con mi hija, porque a ella<br>le costaba modular bien; siendo muy hiperactiva. Entonces, gracias a los materiales que nos dan y el<br>apoyo que nos brindan, ella se pudo enfocar bien\u2026 Incluso uno aprende con los materiales. Es un<br>aprendizaje familiar\u201d, parte diciendo Patricia Espinoza, una de las tantas madres beneficiadas con el<br>trabajo de la Fundaci\u00f3n Familias Primero a trav\u00e9s del Programa \u201cFamilias Power: construyendo<br>Infancia y Mujeres con Energ\u00eda\u201d, que recientemente lanz\u00f3 su quinta temporada en Cocham\u00f3.<br>El ejemplo de Patricia Espinoza no es menor, porque junto a su grupo familiar viaj\u00f3 desde Puelo<br>hasta el casino de la Central de Canutillar, en Pocoihu\u00e9n; para recibir sus materiales y ser parte de la<br>actividad de lanzamiento. \u201cYo llamo a las mam\u00e1s a que lo hagan, porque es una experiencia \u00fanica,<br>los ni\u00f1os se motivan\u201d.<br>Recordemos que la fundaci\u00f3n naci\u00f3 el 2015, y est\u00e1 presente en la zona de Cocham\u00f3 desde el a\u00f1o<br>2020, gracias a una alianza con la empresa Colb\u00fan; con el fin de acompa\u00f1ar y fortalecer el trabajo<br>de las madres con sus hijos de entre 2 y 6 a\u00f1os; adem\u00e1s de trabajar tambi\u00e9n en el empoderamiento<br>femenino con otro programa. \u201cEste a\u00f1o lo iniciamos trabajando con dos programas en espec\u00edfico. El<br>primero tiene que ver con las familias, donde abarcamos a los ni\u00f1os y sus apoderados, con quienes<br>nos reunimos dos veces a la semana, en sesiones personalizadas. Aqu\u00ed buscamos que los padres<br>adquieran m\u00e1s herramientas parentales, y los ni\u00f1os tengan un adecuado desarrollo social, emocional<br>y cognitivo. Mientras que el segundo programa es del \u201cC\u00edrculo de Mujeres Power\u201d, donde<br>seleccionamos a mujeres destacadas de nuestros programas, para que tengan instancias de<br>capacitaci\u00f3n, empoderamiento y liderazgo, y para que ellas se conviertan en embajadoras de la<br>educaci\u00f3n en sus comunidades\u201d, explica Mar\u00eda Jos\u00e9 Gonz\u00e1lez, directora de territorio de la Fundaci\u00f3n<br>Familias Primero.<br>Y luego agrega otro desaf\u00edo que tendr\u00e1n esta temporada. \u201cY estas mismas mujeres, son las que se<br>graduar\u00e1n, luego, realizando el programa \u201cLeer es poderoso\u201d, que se realizar\u00e1 en la Escuela San<br>Antonio, en vacaciones de verano. Este a\u00f1o hemos querido armar este c\u00edrculo virtuoso, de manera<br>que tenga un mayor impacto aqu\u00ed en la comunidad, por lo que ampliamos la cantidad de programas<br>que trabajamos de la mano de Colb\u00fan, y no s\u00f3lo trabajamos con las familias y los ni\u00f1os; sino que<br>agregamos este tercer programa\u201d.<br>La actividad de lanzamiento de la temporada 2025, se realiz\u00f3 en el casino de Central Canutillar en<br>Pocoihu\u00e9n, y asistieron diversos grupos familiares de la zona; quienes recibieron los materiales para<br>cada una de las sesiones, y compartieron con las coordinadoras del programa, instancia en la que se<br>valor\u00f3 esta tutor\u00eda especializada que se brinda, y que debiera ser una \u201crecuerdo para toda la vida\u201d<br>de los ni\u00f1os, seg\u00fan se precis\u00f3.<\/p>\n\n\n\n<p>En el acto participaron tambi\u00e9n el jefe de Asuntos P\u00fablicos Zona Sur de Colb\u00fan, Claudio Melgarejo, y<br>el nuevo jefe de la Central Canutillar, H\u00e9ctor Correa; quienes compartieron con los asistentes y<br>llamaron a sumarse a estos programas, por los beneficios que reportan. \u201cComo vecinos, nosotros<br>hacemos nuestro aporte, sobre todo en aquellos programas que generan impacto positivo en la<br>comunidad, como es este caso\u201d, apunt\u00f3 Melgarejo, y aprovech\u00f3 la instancia y la convocatoria, para<br>reiterar la pol\u00edtica de puertas abiertas de la compa\u00f1\u00eda, invitando a los vecinos a conocer la Central.<\/p>\n","protected":false},"excerpt":{"rendered":"<p>En Pocoihu\u00e9n se lanz\u00f3 una nueva temporada del trabajo que desarrollan en el territorio la Fundaci\u00f3n \u201cFamilias Primero\u201d y la empresa Colb\u00fan; ampliando, esta vez, el c\u00edrculo virtuoso de intervenci\u00f3n&#8230;<\/p>\n","protected":false},"author":7,"featured_media":9644,"comment_status":"closed","ping_status":"open","sticky":false,"template":"","format":"standard","meta":{"footnotes":""},"categories":[1],"tags":[],"class_list":["post-9643","post","type-post","status-publish","format-standard","has-post-thumbnail","hentry","category-acontecer"],"rttpg_featured_image_url":{"full":["https:\/\/elconquistadorredloslagos.cl\/test\/wp-content\/uploads\/2025\/04\/FAMILIAS-POWER.png",1920,1080,false],"landscape":["https:\/\/elconquistadorredloslagos.cl\/test\/wp-content\/uploads\/2025\/04\/FAMILIAS-POWER.png",1920,1080,false],"portraits":["https:\/\/elconquistadorredloslagos.cl\/test\/wp-content\/uploads\/2025\/04\/FAMILIAS-POWER.png",1920,1080,false],"thumbnail":["https:\/\/elconquistadorredloslagos.cl\/test\/wp-content\/uploads\/2025\/04\/FAMILIAS-POWER-150x150.png",150,150,true],"medium":["https:\/\/elconquistadorredloslagos.cl\/test\/wp-content\/uploads\/2025\/04\/FAMILIAS-POWER-300x169.png",300,169,true],"large":["https:\/\/elconquistadorredloslagos.cl\/test\/wp-content\/uploads\/2025\/04\/FAMILIAS-POWER-1024x576.png",1024,576,true],"1536x1536":["https:\/\/elconquistadorredloslagos.cl\/test\/wp-content\/uploads\/2025\/04\/FAMILIAS-POWER-1536x864.png",1536,864,true],"2048x2048":["https:\/\/elconquistadorredloslagos.cl\/test\/wp-content\/uploads\/2025\/04\/FAMILIAS-POWER.png",1920,1080,false]},"rttpg_author":{"display_name":"enzodelahoz1988","author_link":"https:\/\/elconquistadorredloslagos.cl\/test\/blog\/author\/enzodelahoz1988\/"},"rttpg_comment":0,"rttpg_category":"<a href=\"https:\/\/elconquistadorredloslagos.cl\/test\/blog\/category\/actual\/acontecer\/\" rel=\"category tag\">Acontecer<\/a>","rttpg_excerpt":"En Pocoihu\u00e9n se lanz\u00f3 una nueva temporada del trabajo que desarrollan en el territorio la Fundaci\u00f3n \u201cFamilias Primero\u201d y la empresa Colb\u00fan; ampliando, esta vez, el c\u00edrculo virtuoso de intervenci\u00f3n...","_links":{"self":[{"href":"https:\/\/elconquistadorredloslagos.cl\/test\/wp-json\/wp\/v2\/posts\/9643","targetHints":{"allow":["GET"]}}],"collection":[{"href":"https:\/\/elconquistadorredloslagos.cl\/test\/wp-json\/wp\/v2\/posts"}],"about":[{"href":"https:\/\/elconquistadorredloslagos.cl\/test\/wp-json\/wp\/v2\/types\/post"}],"author":[{"embeddable":true,"href":"https:\/\/elconquistadorredloslagos.cl\/test\/wp-json\/wp\/v2\/users\/7"}],"replies":[{"embeddable":true,"href":"https:\/\/elconquistadorredloslagos.cl\/test\/wp-json\/wp\/v2\/comments?post=9643"}],"version-history":[{"count":1,"href":"https:\/\/elconquistadorredloslagos.cl\/test\/wp-json\/wp\/v2\/posts\/9643\/revisions"}],"predecessor-version":[{"id":9645,"href":"https:\/\/elconquistadorredloslagos.cl\/test\/wp-json\/wp\/v2\/posts\/9643\/revisions\/9645"}],"wp:featuredmedia":[{"embeddable":true,"href":"https:\/\/elconquistadorredloslagos.cl\/test\/wp-json\/wp\/v2\/media\/9644"}],"wp:attachment":[{"href":"https:\/\/elconquistadorredloslagos.cl\/test\/wp-json\/wp\/v2\/media?parent=9643"}],"wp:term":[{"taxonomy":"category","embeddable":true,"href":"https:\/\/elconquistadorredloslagos.cl\/test\/wp-json\/wp\/v2\/categories?post=9643"},{"taxonomy":"post_tag","embeddable":true,"href":"https:\/\/elconquistadorredloslagos.cl\/test\/wp-json\/wp\/v2\/tags?post=9643"}],"curies":[{"name":"wp","href":"https:\/\/api.w.org\/{rel}","templated":true}]}}