{"id":9636,"date":"2025-04-24T09:51:28","date_gmt":"2025-04-24T13:51:28","guid":{"rendered":"https:\/\/elconquistadorredloslagos.cl\/test\/?p=9636"},"modified":"2025-04-24T09:51:34","modified_gmt":"2025-04-24T13:51:34","slug":"denuncia-ciudadana-culmino-con-un-detenido-por-robo-de-cables-en-alerce","status":"publish","type":"post","link":"https:\/\/elconquistadorredloslagos.cl\/test\/blog\/2025\/04\/24\/denuncia-ciudadana-culmino-con-un-detenido-por-robo-de-cables-en-alerce\/","title":{"rendered":"Denuncia ciudadana culmin\u00f3 con un detenido por robo de cables en Alerce"},"content":{"rendered":"\n<h5 class=\"wp-block-heading\"><em>A partir de una denuncia ciudadana, personal de la Sexta Comisar\u00eda de Carabineros detuvo en Alerce a un hombre de 28 a\u00f1os que circulaba por avenida Violeta Parra con alrededor de 20 kilos de cables en su mochila.<\/em><\/h5>\n\n\n\n<p>Al llegar al lugar para hacer la denuncia, el delegado territorial de Alerce, Cristi\u00e1n Pino, reconoci\u00f3 la propiedad del cableado incautado, que corresponde a la l\u00ednea subterr\u00e1nea de la luminaria p\u00fablica del bandej\u00f3n central.<\/p>\n\n\n\n<p>\u201cHicimos el procedimiento administrativo y la denuncia correspondiente por este robo, que se suma a varios casos y a varias denuncias realizadas por nuestra delegaci\u00f3n\u201d, manifest\u00f3, para lamentar el da\u00f1o que estos robos generan a la comunidad, al afectar el funcionamiento de las luminarias p\u00fablicas.<\/p>\n\n\n\n<p>El representante municipal agradeci\u00f3 \u201ca Carabineros y a los vecinos por el aviso y la oportuna acci\u00f3n de detener a este sujeto, y as\u00ed aportar mayores antecedentes a la causa que llevamos como municipio contra aquellos que resulten responsables por este robo de cableado en nuestro sector\u201d.<\/p>\n\n\n\n<p>Desde julio de 2024 a la fecha, en Puerto Montt han sido sustra\u00eddos unos 10 mil metros de cables subterr\u00e1neos, con p\u00e9rdidas por sobre los 182 millones de pesos.<\/p>\n\n\n\n<p>La Municipalidad de Puerto Montt, a trav\u00e9s de su Direcci\u00f3n Jur\u00eddica, solicit\u00f3 a la Fiscal\u00eda Regional del Ministerio P\u00fablico la declaraci\u00f3n de un foco investigativo por parte del Sistema de An\u00e1lisis Criminal y Focos Investigativos (Sacfi), para perseguir estos il\u00edcitos.<\/p>\n\n\n\n<p>Adem\u00e1s, por la alta connotaci\u00f3n p\u00fablica que reviste por cuanto afecta los recursos de la Municipalidad y deja a vastos sectores sin luminarias, la Unidad Penal Municipal (UPM) present\u00f3 una querella en marzo pasado por los delitos de robo, de receptaci\u00f3n y de asociaci\u00f3n delictiva, que fue declarada admisible.<\/p>\n","protected":false},"excerpt":{"rendered":"<p>A partir de una denuncia ciudadana, personal de la Sexta Comisar\u00eda de Carabineros detuvo en Alerce a un hombre de 28 a\u00f1os que circulaba por avenida Violeta Parra con alrededor..<\/p>\n","protected":false},"author":7,"featured_media":9637,"comment_status":"closed","ping_status":"open","sticky":false,"template":"","format":"standard","meta":{"footnotes":""},"categories":[1],"tags":[],"class_list":["post-9636","post","type-post","status-publish","format-standard","has-post-thumbnail","hentry","category-acontecer"],"rttpg_featured_image_url":{"full":["https:\/\/elconquistadorredloslagos.cl\/test\/wp-content\/uploads\/2025\/04\/robo-de-cables.png",1920,1080,false],"landscape":["https:\/\/elconquistadorredloslagos.cl\/test\/wp-content\/uploads\/2025\/04\/robo-de-cables.png",1920,1080,false],"portraits":["https:\/\/elconquistadorredloslagos.cl\/test\/wp-content\/uploads\/2025\/04\/robo-de-cables.png",1920,1080,false],"thumbnail":["https:\/\/elconquistadorredloslagos.cl\/test\/wp-content\/uploads\/2025\/04\/robo-de-cables-150x150.png",150,150,true],"medium":["https:\/\/elconquistadorredloslagos.cl\/test\/wp-content\/uploads\/2025\/04\/robo-de-cables-300x169.png",300,169,true],"large":["https:\/\/elconquistadorredloslagos.cl\/test\/wp-content\/uploads\/2025\/04\/robo-de-cables-1024x576.png",1024,576,true],"1536x1536":["https:\/\/elconquistadorredloslagos.cl\/test\/wp-content\/uploads\/2025\/04\/robo-de-cables-1536x864.png",1536,864,true],"2048x2048":["https:\/\/elconquistadorredloslagos.cl\/test\/wp-content\/uploads\/2025\/04\/robo-de-cables.png",1920,1080,false]},"rttpg_author":{"display_name":"enzodelahoz1988","author_link":"https:\/\/elconquistadorredloslagos.cl\/test\/blog\/author\/enzodelahoz1988\/"},"rttpg_comment":0,"rttpg_category":"<a href=\"https:\/\/elconquistadorredloslagos.cl\/test\/blog\/category\/actual\/acontecer\/\" rel=\"category tag\">Acontecer<\/a>","rttpg_excerpt":"A partir de una denuncia ciudadana, personal de la Sexta Comisar\u00eda de Carabineros detuvo en Alerce a un hombre de 28 a\u00f1os que circulaba por avenida Violeta Parra con alrededor..","_links":{"self":[{"href":"https:\/\/elconquistadorredloslagos.cl\/test\/wp-json\/wp\/v2\/posts\/9636","targetHints":{"allow":["GET"]}}],"collection":[{"href":"https:\/\/elconquistadorredloslagos.cl\/test\/wp-json\/wp\/v2\/posts"}],"about":[{"href":"https:\/\/elconquistadorredloslagos.cl\/test\/wp-json\/wp\/v2\/types\/post"}],"author":[{"embeddable":true,"href":"https:\/\/elconquistadorredloslagos.cl\/test\/wp-json\/wp\/v2\/users\/7"}],"replies":[{"embeddable":true,"href":"https:\/\/elconquistadorredloslagos.cl\/test\/wp-json\/wp\/v2\/comments?post=9636"}],"version-history":[{"count":1,"href":"https:\/\/elconquistadorredloslagos.cl\/test\/wp-json\/wp\/v2\/posts\/9636\/revisions"}],"predecessor-version":[{"id":9638,"href":"https:\/\/elconquistadorredloslagos.cl\/test\/wp-json\/wp\/v2\/posts\/9636\/revisions\/9638"}],"wp:featuredmedia":[{"embeddable":true,"href":"https:\/\/elconquistadorredloslagos.cl\/test\/wp-json\/wp\/v2\/media\/9637"}],"wp:attachment":[{"href":"https:\/\/elconquistadorredloslagos.cl\/test\/wp-json\/wp\/v2\/media?parent=9636"}],"wp:term":[{"taxonomy":"category","embeddable":true,"href":"https:\/\/elconquistadorredloslagos.cl\/test\/wp-json\/wp\/v2\/categories?post=9636"},{"taxonomy":"post_tag","embeddable":true,"href":"https:\/\/elconquistadorredloslagos.cl\/test\/wp-json\/wp\/v2\/tags?post=9636"}],"curies":[{"name":"wp","href":"https:\/\/api.w.org\/{rel}","templated":true}]}}