{"id":9635,"date":"2025-04-24T09:55:17","date_gmt":"2025-04-24T13:55:17","guid":{"rendered":"https:\/\/elconquistadorredloslagos.cl\/test\/?p=9635"},"modified":"2025-04-24T09:55:18","modified_gmt":"2025-04-24T13:55:18","slug":"con-emotiva-ceremonia-celebran-primer-aniversario-de-la-biblioteca-publica-municipal-de-chonchi","status":"publish","type":"post","link":"https:\/\/elconquistadorredloslagos.cl\/test\/blog\/2025\/04\/24\/con-emotiva-ceremonia-celebran-primer-aniversario-de-la-biblioteca-publica-municipal-de-chonchi\/","title":{"rendered":"Con emotiva ceremonia celebran primer aniversario de la Biblioteca P\u00fablica Municipal de Chonchi"},"content":{"rendered":"\n<p>Con una emotiva ceremonia realizada en las \u00faltimas horas, la comuna de Chonchi celebr\u00f3 el primer aniversario de la reapertura de su Biblioteca P\u00fablica Municipal, reactivada en 2024 gracias a un convenio con el Ministerio de las Culturas, las Artes y el Patrimonio, tras m\u00e1s de una d\u00e9cada sin este espacio en funcionamiento.<\/p>\n\n\n\n<p>La conmemoraci\u00f3n coincidi\u00f3 adem\u00e1s con el \u201cD\u00eda Internacional del Libro\u201d, dando un marco a\u00fan m\u00e1s especial a la jornada, que reuni\u00f3 a autoridades locales, usuarios y la comunidad en general. En representaci\u00f3n del alcalde Fernando Oyarz\u00fan Mac\u00edas, asisti\u00f3 el director de Desarrollo Comunitario (DIDECO), Eduardo Andrade, acompa\u00f1ado por el encargado de Cultura, Nicol\u00e1s \u00c1lvarez, y la encargada de la biblioteca, Pamela Subiabre.<\/p>\n\n\n\n<p>Durante la actividad se realiz\u00f3 un reconocimiento a los usuarios m\u00e1s activos del recinto, tanto en el segmento adulto como infantil. En la categor\u00eda adulta fueron distinguidos Cristian Bonafont Andrade, Georgina \u00c1vila y Mar\u00eda Flores Alviz. En tanto, en la ni\u00f1ez fueron destacados Lucas Oyarzo Caucam\u00e1n, Miguel G\u00f3mez Vera y Camilo G\u00f3mez Vera.<\/p>\n\n\n\n<p>Tambi\u00e9n se premiaron los logros literarios de dos estudiantes de la comuna, Gloria Sep\u00falveda y Violeta Araya, quienes obtuvieron el primer y tercer lugar respectivamente en el segundo concurso regional de cuentos para las infancias y adolescencias \u201cEntre bosques, lagos y mar\u201d.<\/p>\n\n\n\n<p>Al respecto, el alcalde Fernando Oyarz\u00fan expres\u00f3 su satisfacci\u00f3n por este primer a\u00f1o de funcionamiento. \u201cNos sentimos contentos como municipio de Chonchi y en nombre del Concejo Municipal, porque hoy las cifras hablan por s\u00ed solas respecto a la cantidad de personas que asisten a este lugar. Agradecemos profundamente al Ministerio de las Culturas por el convenio que hicimos posible, luego de que desde 2013 Chonchi no contara con una biblioteca p\u00fablica municipal\u201d, manifest\u00f3.<\/p>\n\n\n\n<p>Con este acto, la comuna no solo celebr\u00f3 un a\u00f1o desde la reapertura de su biblioteca, sino que tambi\u00e9n reafirm\u00f3 su compromiso con el acceso a la lectura, la cultura y la promoci\u00f3n del conocimiento en sus distintas expresiones.<\/p>\n\n\n\n<figure class=\"wp-block-gallery has-nested-images columns-default is-cropped wp-block-gallery-1 is-layout-flex wp-block-gallery-is-layout-flex\">\n<figure class=\"wp-block-image size-large\"><img loading=\"lazy\" decoding=\"async\" width=\"1024\" height=\"589\" data-id=\"9641\" src=\"https:\/\/elconquistadorredloslagos.cl\/test\/wp-content\/uploads\/2025\/04\/WhatsApp-Image-2025-04-24-at-09.05.07-1024x589.jpeg\" alt=\"\" class=\"wp-image-9641\" \/><\/figure>\n\n\n\n<figure class=\"wp-block-image size-large\"><img loading=\"lazy\" decoding=\"async\" width=\"1024\" height=\"576\" data-id=\"9640\" src=\"https:\/\/elconquistadorredloslagos.cl\/test\/wp-content\/uploads\/2025\/04\/WhatsApp-Image-2025-04-24-at-09.05.26-1024x576.jpeg\" alt=\"\" class=\"wp-image-9640\" \/><\/figure>\n<\/figure>\n","protected":false},"excerpt":{"rendered":"<p>Con una emotiva ceremonia realizada en las \u00faltimas horas, la comuna de Chonchi celebr\u00f3 el primer aniversario de la reapertura de su Biblioteca P\u00fablica Municipal, reactivada en 2024 gracias a..<\/p>\n","protected":false},"author":2,"featured_media":9639,"comment_status":"closed","ping_status":"open","sticky":false,"template":"","format":"standard","meta":{"footnotes":""},"categories":[1,28,26],"tags":[],"class_list":["post-9635","post","type-post","status-publish","format-standard","has-post-thumbnail","hentry","category-acontecer","category-actual","category-comunidad"],"rttpg_featured_image_url":{"full":["https:\/\/elconquistadorredloslagos.cl\/test\/wp-content\/uploads\/2025\/04\/WhatsApp-Image-2025-04-24-at-09.00.18.jpeg",1280,720,false],"landscape":["https:\/\/elconquistadorredloslagos.cl\/test\/wp-content\/uploads\/2025\/04\/WhatsApp-Image-2025-04-24-at-09.00.18.jpeg",1280,720,false],"portraits":["https:\/\/elconquistadorredloslagos.cl\/test\/wp-content\/uploads\/2025\/04\/WhatsApp-Image-2025-04-24-at-09.00.18.jpeg",1280,720,false],"thumbnail":["https:\/\/elconquistadorredloslagos.cl\/test\/wp-content\/uploads\/2025\/04\/WhatsApp-Image-2025-04-24-at-09.00.18-150x150.jpeg",150,150,true],"medium":["https:\/\/elconquistadorredloslagos.cl\/test\/wp-content\/uploads\/2025\/04\/WhatsApp-Image-2025-04-24-at-09.00.18-300x169.jpeg",300,169,true],"large":["https:\/\/elconquistadorredloslagos.cl\/test\/wp-content\/uploads\/2025\/04\/WhatsApp-Image-2025-04-24-at-09.00.18-1024x576.jpeg",1024,576,true],"1536x1536":["https:\/\/elconquistadorredloslagos.cl\/test\/wp-content\/uploads\/2025\/04\/WhatsApp-Image-2025-04-24-at-09.00.18.jpeg",1280,720,false],"2048x2048":["https:\/\/elconquistadorredloslagos.cl\/test\/wp-content\/uploads\/2025\/04\/WhatsApp-Image-2025-04-24-at-09.00.18.jpeg",1280,720,false]},"rttpg_author":{"display_name":"ccardenas","author_link":"https:\/\/elconquistadorredloslagos.cl\/test\/blog\/author\/ccardenas\/"},"rttpg_comment":0,"rttpg_category":"<a href=\"https:\/\/elconquistadorredloslagos.cl\/test\/blog\/category\/actual\/acontecer\/\" rel=\"category tag\">Acontecer<\/a> <a href=\"https:\/\/elconquistadorredloslagos.cl\/test\/blog\/category\/actual\/\" rel=\"category tag\">Actualidad<\/a> <a href=\"https:\/\/elconquistadorredloslagos.cl\/test\/blog\/category\/comunidad\/\" rel=\"category tag\">Comunidad<\/a>","rttpg_excerpt":"Con una emotiva ceremonia realizada en las \u00faltimas horas, la comuna de Chonchi celebr\u00f3 el primer aniversario de la reapertura de su Biblioteca P\u00fablica Municipal, reactivada en 2024 gracias a..","_links":{"self":[{"href":"https:\/\/elconquistadorredloslagos.cl\/test\/wp-json\/wp\/v2\/posts\/9635","targetHints":{"allow":["GET"]}}],"collection":[{"href":"https:\/\/elconquistadorredloslagos.cl\/test\/wp-json\/wp\/v2\/posts"}],"about":[{"href":"https:\/\/elconquistadorredloslagos.cl\/test\/wp-json\/wp\/v2\/types\/post"}],"author":[{"embeddable":true,"href":"https:\/\/elconquistadorredloslagos.cl\/test\/wp-json\/wp\/v2\/users\/2"}],"replies":[{"embeddable":true,"href":"https:\/\/elconquistadorredloslagos.cl\/test\/wp-json\/wp\/v2\/comments?post=9635"}],"version-history":[{"count":1,"href":"https:\/\/elconquistadorredloslagos.cl\/test\/wp-json\/wp\/v2\/posts\/9635\/revisions"}],"predecessor-version":[{"id":9642,"href":"https:\/\/elconquistadorredloslagos.cl\/test\/wp-json\/wp\/v2\/posts\/9635\/revisions\/9642"}],"wp:featuredmedia":[{"embeddable":true,"href":"https:\/\/elconquistadorredloslagos.cl\/test\/wp-json\/wp\/v2\/media\/9639"}],"wp:attachment":[{"href":"https:\/\/elconquistadorredloslagos.cl\/test\/wp-json\/wp\/v2\/media?parent=9635"}],"wp:term":[{"taxonomy":"category","embeddable":true,"href":"https:\/\/elconquistadorredloslagos.cl\/test\/wp-json\/wp\/v2\/categories?post=9635"},{"taxonomy":"post_tag","embeddable":true,"href":"https:\/\/elconquistadorredloslagos.cl\/test\/wp-json\/wp\/v2\/tags?post=9635"}],"curies":[{"name":"wp","href":"https:\/\/api.w.org\/{rel}","templated":true}]}}