{"id":9626,"date":"2025-04-23T14:37:56","date_gmt":"2025-04-23T18:37:56","guid":{"rendered":"https:\/\/elconquistadorredloslagos.cl\/test\/?p=9626"},"modified":"2025-04-23T14:37:57","modified_gmt":"2025-04-23T18:37:57","slug":"slep-compromete-soluciones-ante-denuncia-de-apoderados-de-la-escuela-padre-hurtado-de-castro","status":"publish","type":"post","link":"https:\/\/elconquistadorredloslagos.cl\/test\/blog\/2025\/04\/23\/slep-compromete-soluciones-ante-denuncia-de-apoderados-de-la-escuela-padre-hurtado-de-castro\/","title":{"rendered":"SLEP compromete soluciones ante denuncia de apoderados de la Escuela Padre Hurtado de Castro"},"content":{"rendered":"\n<p>La comunidad educativa de la Escuela Padre Hurtado exige soluciones urgentes ante las precarias condiciones del establecimiento.<\/p>\n\n\n\n<p>Seg\u00fan la vocera del centro de padres, Natalie Astudillo, el recinto presenta inundaciones, goteras, estufas sin mantenci\u00f3n, extintores vencidos y carencia de personal, especialmente para apoyar a estudiantes con autismo severo.<\/p>\n\n\n\n<p>La situaci\u00f3n, que se arrastra desde hace meses, no ha sido abordada por el SLEP Chilo\u00e9 pese a reiteradas denuncias. \u201cNuestros hijos no pueden seguir estudiando en estas condiciones\u201d, advirti\u00f3 Astudillo, anunciando que si no reciben respuesta del sostenedor antes de las 17.00 horas (de hoy mi\u00e9rcoles) paralizar\u00e1n las actividades escolares. Los padres incluso deben ingresar a las aulas para asistir a sus hijos, en una medida que, acusan, vulnera la ley y la dignidad educativa.<\/p>\n\n\n\n<p>En este sentido, la respuesta del SLEP lleg\u00f3 de forma expedita; mediante un comunicado se inform\u00f3 -entre otras cosas- que la Escuela Padre Hurtado de Castro presenta problemas estructurales, en especial en su patio techado, el cual no fue considerado en el \u00faltimo proyecto de conservaci\u00f3n realizado por el antiguo sostenedor en 2020.<\/p>\n\n\n\n<p>\u201cComo sostenedor, que recibimos la administraci\u00f3n de los servicios educativos de la provincia el 1 de enero de este a\u00f1o, podemos precisar que se ha trabajado en forma seria y responsable en levantar la informaci\u00f3n necesaria del estado estructural de nuestras escuelas, liceos y jardines, a fin de trabajar en proyectos que permitan una mantenci\u00f3n y de esa forma brindar espacios seguros a nuestras comunidades educativas\u201d. Se agrega que por lo anterior \u201cpodemos consignar que, a corto plazo, se realizar\u00e1 una reparaci\u00f3n de emergencia del patio techado para que pueda ser utilizado para las actividades educativas, informaci\u00f3n que ya fue levantada por nuestros profesionales de la Subdirecci\u00f3n de Infraestructura y en programaci\u00f3n para su ejecuci\u00f3n este 2025. Asimismo, y en forma paralela se est\u00e1 trabajando en la elaboraci\u00f3n de un proyecto de emergencia para la reparaci\u00f3n completa de este recinto, el cual ser\u00e1 presentado a la SECREDUC y a la Direcci\u00f3n de Educaci\u00f3n P\u00fablica (DEP) para su financiamiento\u201d.<\/p>\n\n\n\n<p>Asimismo, se suma que \u201cen lo inmediato, el plan de contingencia que ya contaba con su evaluaci\u00f3n desde la semana pasada, con aprobaci\u00f3n y asignaci\u00f3n de recursos, contempla la reparaci\u00f3n de filtraciones, de la calefacci\u00f3n y la recarga de los extintores para que est\u00e9n dentro de lo que exige la norma, recarga que no se realizaba desde el a\u00f1o pasado. Estas intervenciones, como estaban programadas en el calendario, se inician este mi\u00e9rcoles 23 de abril\u201d, se precisa.<\/p>\n","protected":false},"excerpt":{"rendered":"<p>La comunidad educativa de la Escuela Padre Hurtado exige soluciones urgentes ante las precarias condiciones del establecimiento. Seg\u00fan la vocera del centro de padres, Natalie Astudillo, el recinto presenta inundaciones,..<\/p>\n","protected":false},"author":2,"featured_media":9627,"comment_status":"closed","ping_status":"open","sticky":false,"template":"","format":"standard","meta":{"footnotes":""},"categories":[1,28,26],"tags":[],"class_list":["post-9626","post","type-post","status-publish","format-standard","has-post-thumbnail","hentry","category-acontecer","category-actual","category-comunidad"],"rttpg_featured_image_url":{"full":["https:\/\/elconquistadorredloslagos.cl\/test\/wp-content\/uploads\/2025\/04\/IMG_300-6.jpg",1920,1080,false],"landscape":["https:\/\/elconquistadorredloslagos.cl\/test\/wp-content\/uploads\/2025\/04\/IMG_300-6.jpg",1920,1080,false],"portraits":["https:\/\/elconquistadorredloslagos.cl\/test\/wp-content\/uploads\/2025\/04\/IMG_300-6.jpg",1920,1080,false],"thumbnail":["https:\/\/elconquistadorredloslagos.cl\/test\/wp-content\/uploads\/2025\/04\/IMG_300-6-150x150.jpg",150,150,true],"medium":["https:\/\/elconquistadorredloslagos.cl\/test\/wp-content\/uploads\/2025\/04\/IMG_300-6-300x169.jpg",300,169,true],"large":["https:\/\/elconquistadorredloslagos.cl\/test\/wp-content\/uploads\/2025\/04\/IMG_300-6-1024x576.jpg",1024,576,true],"1536x1536":["https:\/\/elconquistadorredloslagos.cl\/test\/wp-content\/uploads\/2025\/04\/IMG_300-6-1536x864.jpg",1536,864,true],"2048x2048":["https:\/\/elconquistadorredloslagos.cl\/test\/wp-content\/uploads\/2025\/04\/IMG_300-6.jpg",1920,1080,false]},"rttpg_author":{"display_name":"ccardenas","author_link":"https:\/\/elconquistadorredloslagos.cl\/test\/blog\/author\/ccardenas\/"},"rttpg_comment":0,"rttpg_category":"<a href=\"https:\/\/elconquistadorredloslagos.cl\/test\/blog\/category\/actual\/acontecer\/\" rel=\"category tag\">Acontecer<\/a> <a href=\"https:\/\/elconquistadorredloslagos.cl\/test\/blog\/category\/actual\/\" rel=\"category tag\">Actualidad<\/a> <a href=\"https:\/\/elconquistadorredloslagos.cl\/test\/blog\/category\/comunidad\/\" rel=\"category tag\">Comunidad<\/a>","rttpg_excerpt":"La comunidad educativa de la Escuela Padre Hurtado exige soluciones urgentes ante las precarias condiciones del establecimiento. Seg\u00fan la vocera del centro de padres, Natalie Astudillo, el recinto presenta inundaciones,..","_links":{"self":[{"href":"https:\/\/elconquistadorredloslagos.cl\/test\/wp-json\/wp\/v2\/posts\/9626","targetHints":{"allow":["GET"]}}],"collection":[{"href":"https:\/\/elconquistadorredloslagos.cl\/test\/wp-json\/wp\/v2\/posts"}],"about":[{"href":"https:\/\/elconquistadorredloslagos.cl\/test\/wp-json\/wp\/v2\/types\/post"}],"author":[{"embeddable":true,"href":"https:\/\/elconquistadorredloslagos.cl\/test\/wp-json\/wp\/v2\/users\/2"}],"replies":[{"embeddable":true,"href":"https:\/\/elconquistadorredloslagos.cl\/test\/wp-json\/wp\/v2\/comments?post=9626"}],"version-history":[{"count":1,"href":"https:\/\/elconquistadorredloslagos.cl\/test\/wp-json\/wp\/v2\/posts\/9626\/revisions"}],"predecessor-version":[{"id":9628,"href":"https:\/\/elconquistadorredloslagos.cl\/test\/wp-json\/wp\/v2\/posts\/9626\/revisions\/9628"}],"wp:featuredmedia":[{"embeddable":true,"href":"https:\/\/elconquistadorredloslagos.cl\/test\/wp-json\/wp\/v2\/media\/9627"}],"wp:attachment":[{"href":"https:\/\/elconquistadorredloslagos.cl\/test\/wp-json\/wp\/v2\/media?parent=9626"}],"wp:term":[{"taxonomy":"category","embeddable":true,"href":"https:\/\/elconquistadorredloslagos.cl\/test\/wp-json\/wp\/v2\/categories?post=9626"},{"taxonomy":"post_tag","embeddable":true,"href":"https:\/\/elconquistadorredloslagos.cl\/test\/wp-json\/wp\/v2\/tags?post=9626"}],"curies":[{"name":"wp","href":"https:\/\/api.w.org\/{rel}","templated":true}]}}