{"id":9623,"date":"2025-04-23T14:14:10","date_gmt":"2025-04-23T18:14:10","guid":{"rendered":"https:\/\/elconquistadorredloslagos.cl\/test\/?p=9623"},"modified":"2025-04-23T14:14:11","modified_gmt":"2025-04-23T18:14:11","slug":"samu-chiloe-realiza-evacuacion-aeromedica-a-paciente-de-isla-alao-comuna-de-quinchao","status":"publish","type":"post","link":"https:\/\/elconquistadorredloslagos.cl\/test\/blog\/2025\/04\/23\/samu-chiloe-realiza-evacuacion-aeromedica-a-paciente-de-isla-alao-comuna-de-quinchao\/","title":{"rendered":"SAMU Chilo\u00e9 realiza evacuaci\u00f3n aerom\u00e9dica a paciente de Isla Alao comuna de Quinchao"},"content":{"rendered":"\n<p>Con \u00e9xito, el Servicio de Atenci\u00f3n M\u00e9dica de Urgencia (SAMU) Chilo\u00e9 realiz\u00f3 una evacuaci\u00f3n aerom\u00e9dica de un paciente de 60 a\u00f1os proveniente del sector de Alao, comuna de Quinchao, que present\u00f3 un accidente cerebrovascular. El traslado se efectu\u00f3 en helic\u00f3ptero desde su domicilio en Isla Alao hasta la capital provincial, lugar donde fue recibido por el equipo del SAMU Castro, quienes continuaron con su atenci\u00f3n y lo trasladaron al Hospital Base para su evaluaci\u00f3n y cuidados correspondientes.<\/p>\n\n\n\n<p>El jefe del SAMU Chilo\u00e9, Sebasti\u00e1n Schm\u00f6lz, resalt\u00f3 la importancia de realizar una evacuaci\u00f3n oportuna.<\/p>\n\n\n\n<figure class=\"wp-block-embed is-type-rich is-provider-gestor-del-servicio wp-block-embed-gestor-del-servicio\"><div class=\"wp-block-embed__wrapper\">\n<div style=\"width: 640px;\" class=\"wp-video\"><video class=\"wp-video-shortcode\" id=\"video-9623-1\" width=\"640\" height=\"360\" preload=\"metadata\" controls=\"controls\"><source type=\"video\/mp4\" src=\"https:\/\/elconquistadorredloslagos.cl\/test\/md\/aeromedico.mp4?_=1\" \/><a href=\"https:\/\/elconquistadorredloslagos.cl\/test\/md\/aeromedico.mp4\">https:\/\/elconquistadorredloslagos.cl\/test\/md\/aeromedico.mp4<\/a><\/video><\/div>\n<\/div><\/figure>\n\n\n\n<p>Para asegurar una atenci\u00f3n adecuada al paciente, la evacuaci\u00f3n aerom\u00e9dica seg\u00fan lo explic\u00f3 el jefe de SAMU Chilo\u00e9, Sebasti\u00e1n Schm\u00f6lz, fue posible gracias al convenio vigente entre el Servicio de Salud Chilo\u00e9 y el sistema de aero-evacuaci\u00f3n, que permite el traslado a\u00e9reo de pacientes en situaci\u00f3n de riesgo vital. La medida, agreg\u00f3 el enfermero, es especialmente \u00fatil cuando las condiciones meteorol\u00f3gicas o la gravedad del estado del paciente impiden una evacuaci\u00f3n terrestre o mar\u00edtima, principalmente desde aquellos lugares m\u00e1s alejados del Archipi\u00e9lago de Chilo\u00e9.<\/p>\n","protected":false},"excerpt":{"rendered":"<p>Con \u00e9xito, el Servicio de Atenci\u00f3n M\u00e9dica de Urgencia (SAMU) Chilo\u00e9 realiz\u00f3 una evacuaci\u00f3n aerom\u00e9dica de un paciente de 60 a\u00f1os proveniente del sector de Alao, comuna de Quinchao, que..<\/p>\n","protected":false},"author":2,"featured_media":9624,"comment_status":"closed","ping_status":"open","sticky":false,"template":"","format":"standard","meta":{"footnotes":""},"categories":[1,28],"tags":[],"class_list":["post-9623","post","type-post","status-publish","format-standard","has-post-thumbnail","hentry","category-acontecer","category-actual"],"rttpg_featured_image_url":{"full":["https:\/\/elconquistadorredloslagos.cl\/test\/wp-content\/uploads\/2025\/04\/IMG_300-5.jpg",1920,1080,false],"landscape":["https:\/\/elconquistadorredloslagos.cl\/test\/wp-content\/uploads\/2025\/04\/IMG_300-5.jpg",1920,1080,false],"portraits":["https:\/\/elconquistadorredloslagos.cl\/test\/wp-content\/uploads\/2025\/04\/IMG_300-5.jpg",1920,1080,false],"thumbnail":["https:\/\/elconquistadorredloslagos.cl\/test\/wp-content\/uploads\/2025\/04\/IMG_300-5-150x150.jpg",150,150,true],"medium":["https:\/\/elconquistadorredloslagos.cl\/test\/wp-content\/uploads\/2025\/04\/IMG_300-5-300x169.jpg",300,169,true],"large":["https:\/\/elconquistadorredloslagos.cl\/test\/wp-content\/uploads\/2025\/04\/IMG_300-5-1024x576.jpg",1024,576,true],"1536x1536":["https:\/\/elconquistadorredloslagos.cl\/test\/wp-content\/uploads\/2025\/04\/IMG_300-5-1536x864.jpg",1536,864,true],"2048x2048":["https:\/\/elconquistadorredloslagos.cl\/test\/wp-content\/uploads\/2025\/04\/IMG_300-5.jpg",1920,1080,false]},"rttpg_author":{"display_name":"ccardenas","author_link":"https:\/\/elconquistadorredloslagos.cl\/test\/blog\/author\/ccardenas\/"},"rttpg_comment":0,"rttpg_category":"<a href=\"https:\/\/elconquistadorredloslagos.cl\/test\/blog\/category\/actual\/acontecer\/\" rel=\"category tag\">Acontecer<\/a> <a href=\"https:\/\/elconquistadorredloslagos.cl\/test\/blog\/category\/actual\/\" rel=\"category tag\">Actualidad<\/a>","rttpg_excerpt":"Con \u00e9xito, el Servicio de Atenci\u00f3n M\u00e9dica de Urgencia (SAMU) Chilo\u00e9 realiz\u00f3 una evacuaci\u00f3n aerom\u00e9dica de un paciente de 60 a\u00f1os proveniente del sector de Alao, comuna de Quinchao, que..","_links":{"self":[{"href":"https:\/\/elconquistadorredloslagos.cl\/test\/wp-json\/wp\/v2\/posts\/9623","targetHints":{"allow":["GET"]}}],"collection":[{"href":"https:\/\/elconquistadorredloslagos.cl\/test\/wp-json\/wp\/v2\/posts"}],"about":[{"href":"https:\/\/elconquistadorredloslagos.cl\/test\/wp-json\/wp\/v2\/types\/post"}],"author":[{"embeddable":true,"href":"https:\/\/elconquistadorredloslagos.cl\/test\/wp-json\/wp\/v2\/users\/2"}],"replies":[{"embeddable":true,"href":"https:\/\/elconquistadorredloslagos.cl\/test\/wp-json\/wp\/v2\/comments?post=9623"}],"version-history":[{"count":1,"href":"https:\/\/elconquistadorredloslagos.cl\/test\/wp-json\/wp\/v2\/posts\/9623\/revisions"}],"predecessor-version":[{"id":9625,"href":"https:\/\/elconquistadorredloslagos.cl\/test\/wp-json\/wp\/v2\/posts\/9623\/revisions\/9625"}],"wp:featuredmedia":[{"embeddable":true,"href":"https:\/\/elconquistadorredloslagos.cl\/test\/wp-json\/wp\/v2\/media\/9624"}],"wp:attachment":[{"href":"https:\/\/elconquistadorredloslagos.cl\/test\/wp-json\/wp\/v2\/media?parent=9623"}],"wp:term":[{"taxonomy":"category","embeddable":true,"href":"https:\/\/elconquistadorredloslagos.cl\/test\/wp-json\/wp\/v2\/categories?post=9623"},{"taxonomy":"post_tag","embeddable":true,"href":"https:\/\/elconquistadorredloslagos.cl\/test\/wp-json\/wp\/v2\/tags?post=9623"}],"curies":[{"name":"wp","href":"https:\/\/api.w.org\/{rel}","templated":true}]}}