{"id":9620,"date":"2025-04-23T13:55:10","date_gmt":"2025-04-23T17:55:10","guid":{"rendered":"https:\/\/elconquistadorredloslagos.cl\/test\/?p=9620"},"modified":"2025-04-23T13:55:10","modified_gmt":"2025-04-23T17:55:10","slug":"avanza-proyecto-de-acceso-norte-a-osorno-obras-iniciarian-a-fines-de-ano","status":"publish","type":"post","link":"https:\/\/elconquistadorredloslagos.cl\/test\/blog\/2025\/04\/23\/avanza-proyecto-de-acceso-norte-a-osorno-obras-iniciarian-a-fines-de-ano\/","title":{"rendered":"Avanza proyecto de acceso norte a Osorno: obras iniciar\u00edan a fines de a\u00f1o"},"content":{"rendered":"\n<p>Autoridades regionales entregaron nuevos antecedentes sobre el proyecto de acceso norte a la ciudad de Osorno, que contempla una conexi\u00f3n directa desde la Ruta 5, a la altura de Pilauco, hasta el puente Bulnes.<\/p>\n\n\n\n<p>El director regional de Vialidad, Jorge Loncomilla, detall\u00f3 que la obra incluir\u00e1 una doble calzada, ciclov\u00edas y un nuevo puente sobre el r\u00edo Damas, que permitir\u00e1 unir calle Freire con el camino a Pilauco. La inversi\u00f3n estimada asciende a 41 mil millones de pesos.<\/p>\n\n\n\n<p>El seremi de Obras P\u00fablicas de Los Lagos, Juan Fernando Alvarado, explic\u00f3 que si el proceso de licitaci\u00f3n avanza sin contratiempos, la adjudicaci\u00f3n y entrega del terreno podr\u00edan concretarse hacia el \u00faltimo trimestre del a\u00f1o, permitiendo as\u00ed el inicio de los trabajos antes de fin de a\u00f1o.<\/p>\n\n\n\n<p>En la oportunidad, se destac\u00f3 que esta iniciativa comenz\u00f3 a gestarse hace una d\u00e9cada y se espera que su concreci\u00f3n transformar\u00e1 significativamente el rostro urbano del centro de Osorno.<\/p>\n","protected":false},"excerpt":{"rendered":"<p>Autoridades regionales entregaron nuevos antecedentes sobre el proyecto de acceso norte a la ciudad de Osorno, que contempla una conexi\u00f3n directa desde la Ruta 5, a la altura de Pilauco,..<\/p>\n","protected":false},"author":2,"featured_media":9621,"comment_status":"closed","ping_status":"open","sticky":false,"template":"","format":"standard","meta":{"footnotes":""},"categories":[1,28,26],"tags":[],"class_list":["post-9620","post","type-post","status-publish","format-standard","has-post-thumbnail","hentry","category-acontecer","category-actual","category-comunidad"],"rttpg_featured_image_url":{"full":["https:\/\/elconquistadorredloslagos.cl\/test\/wp-content\/uploads\/2025\/04\/IMG_300-4.jpg",1920,1080,false],"landscape":["https:\/\/elconquistadorredloslagos.cl\/test\/wp-content\/uploads\/2025\/04\/IMG_300-4.jpg",1920,1080,false],"portraits":["https:\/\/elconquistadorredloslagos.cl\/test\/wp-content\/uploads\/2025\/04\/IMG_300-4.jpg",1920,1080,false],"thumbnail":["https:\/\/elconquistadorredloslagos.cl\/test\/wp-content\/uploads\/2025\/04\/IMG_300-4-150x150.jpg",150,150,true],"medium":["https:\/\/elconquistadorredloslagos.cl\/test\/wp-content\/uploads\/2025\/04\/IMG_300-4-300x169.jpg",300,169,true],"large":["https:\/\/elconquistadorredloslagos.cl\/test\/wp-content\/uploads\/2025\/04\/IMG_300-4-1024x576.jpg",1024,576,true],"1536x1536":["https:\/\/elconquistadorredloslagos.cl\/test\/wp-content\/uploads\/2025\/04\/IMG_300-4-1536x864.jpg",1536,864,true],"2048x2048":["https:\/\/elconquistadorredloslagos.cl\/test\/wp-content\/uploads\/2025\/04\/IMG_300-4.jpg",1920,1080,false]},"rttpg_author":{"display_name":"ccardenas","author_link":"https:\/\/elconquistadorredloslagos.cl\/test\/blog\/author\/ccardenas\/"},"rttpg_comment":0,"rttpg_category":"<a href=\"https:\/\/elconquistadorredloslagos.cl\/test\/blog\/category\/actual\/acontecer\/\" rel=\"category tag\">Acontecer<\/a> <a href=\"https:\/\/elconquistadorredloslagos.cl\/test\/blog\/category\/actual\/\" rel=\"category tag\">Actualidad<\/a> <a href=\"https:\/\/elconquistadorredloslagos.cl\/test\/blog\/category\/comunidad\/\" rel=\"category tag\">Comunidad<\/a>","rttpg_excerpt":"Autoridades regionales entregaron nuevos antecedentes sobre el proyecto de acceso norte a la ciudad de Osorno, que contempla una conexi\u00f3n directa desde la Ruta 5, a la altura de Pilauco,..","_links":{"self":[{"href":"https:\/\/elconquistadorredloslagos.cl\/test\/wp-json\/wp\/v2\/posts\/9620","targetHints":{"allow":["GET"]}}],"collection":[{"href":"https:\/\/elconquistadorredloslagos.cl\/test\/wp-json\/wp\/v2\/posts"}],"about":[{"href":"https:\/\/elconquistadorredloslagos.cl\/test\/wp-json\/wp\/v2\/types\/post"}],"author":[{"embeddable":true,"href":"https:\/\/elconquistadorredloslagos.cl\/test\/wp-json\/wp\/v2\/users\/2"}],"replies":[{"embeddable":true,"href":"https:\/\/elconquistadorredloslagos.cl\/test\/wp-json\/wp\/v2\/comments?post=9620"}],"version-history":[{"count":1,"href":"https:\/\/elconquistadorredloslagos.cl\/test\/wp-json\/wp\/v2\/posts\/9620\/revisions"}],"predecessor-version":[{"id":9622,"href":"https:\/\/elconquistadorredloslagos.cl\/test\/wp-json\/wp\/v2\/posts\/9620\/revisions\/9622"}],"wp:featuredmedia":[{"embeddable":true,"href":"https:\/\/elconquistadorredloslagos.cl\/test\/wp-json\/wp\/v2\/media\/9621"}],"wp:attachment":[{"href":"https:\/\/elconquistadorredloslagos.cl\/test\/wp-json\/wp\/v2\/media?parent=9620"}],"wp:term":[{"taxonomy":"category","embeddable":true,"href":"https:\/\/elconquistadorredloslagos.cl\/test\/wp-json\/wp\/v2\/categories?post=9620"},{"taxonomy":"post_tag","embeddable":true,"href":"https:\/\/elconquistadorredloslagos.cl\/test\/wp-json\/wp\/v2\/tags?post=9620"}],"curies":[{"name":"wp","href":"https:\/\/api.w.org\/{rel}","templated":true}]}}