{"id":9614,"date":"2025-04-23T13:48:14","date_gmt":"2025-04-23T17:48:14","guid":{"rendered":"https:\/\/elconquistadorredloslagos.cl\/test\/?p=9614"},"modified":"2025-04-23T13:48:15","modified_gmt":"2025-04-23T17:48:15","slug":"regresa-el-tren-al-sur-inicia-servicio-llanquihue-puerto-montt-con-entusiasmo-ciudadano","status":"publish","type":"post","link":"https:\/\/elconquistadorredloslagos.cl\/test\/blog\/2025\/04\/23\/regresa-el-tren-al-sur-inicia-servicio-llanquihue-puerto-montt-con-entusiasmo-ciudadano\/","title":{"rendered":"Regresa el tren al sur: inicia servicio Llanquihue-Puerto Montt con entusiasmo ciudadano"},"content":{"rendered":"\n<p>Con cerca de 30 pasajeros a bordo, este martes comenzaron de forma progresiva las operaciones del tren entre Llanquihue y Puerto Montt, marcando el retorno del transporte ferroviario a la regi\u00f3n de Los Lagos. El servicio funcionar\u00e1 de lunes a viernes, con salida desde Llanquihue a las 06.50 horas y pago directo en el vag\u00f3n, debido a que a\u00fan no est\u00e1 habilitada la aplicaci\u00f3n \u201cEFE Trenes de Chile\u201d para este tramo.<\/p>\n\n\n\n<p>En su primer d\u00eda, usuarios celebraron la rapidez y comodidad del trayecto. Desde el terminal intermodal La Paloma parti\u00f3 el segundo recorrido, generando entusiasmo entre los vecinos. El servicio tiene una capacidad para 200 personas y, seg\u00fan inform\u00f3 Nelson Hern\u00e1ndez, gerente general de EFE Sur, en las pr\u00f3ximas semanas se sumar\u00e1 una nueva unidad para aumentar la frecuencia.<\/p>\n\n\n\n<p>Autoridades locales destacaron la importancia del proyecto. El alcalde de Puerto Varas, Tom\u00e1s G\u00e1rate, agradeci\u00f3 el trabajo interinstitucional; su par de Puerto Montt, Rodrigo Wainraihgt, valor\u00f3 las medidas de seguridad, como la instalaci\u00f3n de barreras. La delegada presidencial, Paulina Mu\u00f1oz, subray\u00f3 el impacto positivo en la calidad de vida y llam\u00f3 a respetar la se\u00f1al\u00e9tica en las v\u00edas.<\/p>\n\n\n\n<p>\ud83d\udcf7 @DPRLosLagos &#8211; X<\/p>\n\n\n\n<figure class=\"wp-block-gallery has-nested-images columns-default is-cropped wp-block-gallery-1 is-layout-flex wp-block-gallery-is-layout-flex\">\n<figure class=\"wp-block-image size-large\"><img loading=\"lazy\" decoding=\"async\" width=\"1024\" height=\"684\" data-id=\"9616\" src=\"https:\/\/elconquistadorredloslagos.cl\/test\/wp-content\/uploads\/2025\/04\/2-1-1024x684.jpg\" alt=\"\" class=\"wp-image-9616\" \/><\/figure>\n\n\n\n<figure class=\"wp-block-image size-large\"><img loading=\"lazy\" decoding=\"async\" width=\"1024\" height=\"684\" data-id=\"9617\" src=\"https:\/\/elconquistadorredloslagos.cl\/test\/wp-content\/uploads\/2025\/04\/3-1024x684.jpg\" alt=\"\" class=\"wp-image-9617\" \/><\/figure>\n\n\n\n<figure class=\"wp-block-image size-large\"><img loading=\"lazy\" decoding=\"async\" width=\"2048\" height=\"1367\" data-id=\"9618\" src=\"https:\/\/elconquistadorredloslagos.cl\/test\/wp-content\/uploads\/2025\/04\/4-1024x684.jpg\" alt=\"\" class=\"wp-image-9618\" \/><\/figure>\n<\/figure>\n","protected":false},"excerpt":{"rendered":"<p>Con cerca de 30 pasajeros a bordo, este martes comenzaron de forma progresiva las operaciones del tren entre Llanquihue y Puerto Montt, marcando el retorno del transporte ferroviario a la..<\/p>\n","protected":false},"author":2,"featured_media":9615,"comment_status":"closed","ping_status":"open","sticky":false,"template":"","format":"standard","meta":{"footnotes":""},"categories":[1,28,27,29],"tags":[],"class_list":["post-9614","post","type-post","status-publish","format-standard","has-post-thumbnail","hentry","category-acontecer","category-actual","category-tecnologia","category-turismo"],"rttpg_featured_image_url":{"full":["https:\/\/elconquistadorredloslagos.cl\/test\/wp-content\/uploads\/2025\/04\/IMG_300-3.jpg",1920,1080,false],"landscape":["https:\/\/elconquistadorredloslagos.cl\/test\/wp-content\/uploads\/2025\/04\/IMG_300-3.jpg",1920,1080,false],"portraits":["https:\/\/elconquistadorredloslagos.cl\/test\/wp-content\/uploads\/2025\/04\/IMG_300-3.jpg",1920,1080,false],"thumbnail":["https:\/\/elconquistadorredloslagos.cl\/test\/wp-content\/uploads\/2025\/04\/IMG_300-3-150x150.jpg",150,150,true],"medium":["https:\/\/elconquistadorredloslagos.cl\/test\/wp-content\/uploads\/2025\/04\/IMG_300-3-300x169.jpg",300,169,true],"large":["https:\/\/elconquistadorredloslagos.cl\/test\/wp-content\/uploads\/2025\/04\/IMG_300-3-1024x576.jpg",1024,576,true],"1536x1536":["https:\/\/elconquistadorredloslagos.cl\/test\/wp-content\/uploads\/2025\/04\/IMG_300-3-1536x864.jpg",1536,864,true],"2048x2048":["https:\/\/elconquistadorredloslagos.cl\/test\/wp-content\/uploads\/2025\/04\/IMG_300-3.jpg",1920,1080,false]},"rttpg_author":{"display_name":"ccardenas","author_link":"https:\/\/elconquistadorredloslagos.cl\/test\/blog\/author\/ccardenas\/"},"rttpg_comment":0,"rttpg_category":"<a href=\"https:\/\/elconquistadorredloslagos.cl\/test\/blog\/category\/actual\/acontecer\/\" rel=\"category tag\">Acontecer<\/a> <a href=\"https:\/\/elconquistadorredloslagos.cl\/test\/blog\/category\/actual\/\" rel=\"category tag\">Actualidad<\/a> <a href=\"https:\/\/elconquistadorredloslagos.cl\/test\/blog\/category\/actual\/tecnologia\/\" rel=\"category tag\">Tecnologias<\/a> <a href=\"https:\/\/elconquistadorredloslagos.cl\/test\/blog\/category\/actual\/turismo\/\" rel=\"category tag\">Turismo<\/a>","rttpg_excerpt":"Con cerca de 30 pasajeros a bordo, este martes comenzaron de forma progresiva las operaciones del tren entre Llanquihue y Puerto Montt, marcando el retorno del transporte ferroviario a la..","_links":{"self":[{"href":"https:\/\/elconquistadorredloslagos.cl\/test\/wp-json\/wp\/v2\/posts\/9614","targetHints":{"allow":["GET"]}}],"collection":[{"href":"https:\/\/elconquistadorredloslagos.cl\/test\/wp-json\/wp\/v2\/posts"}],"about":[{"href":"https:\/\/elconquistadorredloslagos.cl\/test\/wp-json\/wp\/v2\/types\/post"}],"author":[{"embeddable":true,"href":"https:\/\/elconquistadorredloslagos.cl\/test\/wp-json\/wp\/v2\/users\/2"}],"replies":[{"embeddable":true,"href":"https:\/\/elconquistadorredloslagos.cl\/test\/wp-json\/wp\/v2\/comments?post=9614"}],"version-history":[{"count":1,"href":"https:\/\/elconquistadorredloslagos.cl\/test\/wp-json\/wp\/v2\/posts\/9614\/revisions"}],"predecessor-version":[{"id":9619,"href":"https:\/\/elconquistadorredloslagos.cl\/test\/wp-json\/wp\/v2\/posts\/9614\/revisions\/9619"}],"wp:featuredmedia":[{"embeddable":true,"href":"https:\/\/elconquistadorredloslagos.cl\/test\/wp-json\/wp\/v2\/media\/9615"}],"wp:attachment":[{"href":"https:\/\/elconquistadorredloslagos.cl\/test\/wp-json\/wp\/v2\/media?parent=9614"}],"wp:term":[{"taxonomy":"category","embeddable":true,"href":"https:\/\/elconquistadorredloslagos.cl\/test\/wp-json\/wp\/v2\/categories?post=9614"},{"taxonomy":"post_tag","embeddable":true,"href":"https:\/\/elconquistadorredloslagos.cl\/test\/wp-json\/wp\/v2\/tags?post=9614"}],"curies":[{"name":"wp","href":"https:\/\/api.w.org\/{rel}","templated":true}]}}