{"id":9601,"date":"2025-04-23T11:49:00","date_gmt":"2025-04-23T15:49:00","guid":{"rendered":"https:\/\/elconquistadorredloslagos.cl\/test\/?p=9601"},"modified":"2025-04-23T11:51:22","modified_gmt":"2025-04-23T15:51:22","slug":"dialogo-sobre-gestion-de-residuos-en-la-region-de-los-lagos-reunio-a-lideres-y-expertos-para-debatir-soluciones-innovadoras","status":"publish","type":"post","link":"https:\/\/elconquistadorredloslagos.cl\/test\/blog\/2025\/04\/23\/dialogo-sobre-gestion-de-residuos-en-la-region-de-los-lagos-reunio-a-lideres-y-expertos-para-debatir-soluciones-innovadoras\/","title":{"rendered":"Di\u00e1logo sobre gesti\u00f3n de residuos en la Regi\u00f3n de Los Lagos reuni\u00f3 a l\u00edderes y expertos para debatir soluciones innovadoras"},"content":{"rendered":"\n<h5 class=\"wp-block-heading\"><em>la<\/em> <strong><em>actividad organizada por Fundaci\u00f3n Gente del Sur analiz\u00f3 <\/em><\/strong><em>alternativas sostenibles, nuevas tecnolog\u00edas y estrategias para promover un desarrollo ambientalmente sostenible en el sur de Chile.<\/em><\/h5>\n\n\n\n<p>Puerto Montt se transform\u00f3 este lunes en el epicentro del debate ambiental con la realizaci\u00f3n del Di\u00e1logo Sure\u00f1o: \u201cGesti\u00f3n de Residuos en la Regi\u00f3n de Los Lagos\u201d, organizado por Fundaci\u00f3n Gente del Sur.<\/p>\n\n\n\n<p>La actividad que se desarroll\u00f3 en el sal\u00f3n Calbuco del Hotel Court Yard, abord\u00f3 los m\u00faltiples desaf\u00edos y oportunidades en la gesti\u00f3n de residuos, explorando alternativas para su disposici\u00f3n, nuevas tecnolog\u00edas y experiencias innovadoras.<\/p>\n\n\n\n<p>Con el objetivo de fomentar el encuentro entre el mundo p\u00fablico, privado y la academia, el evento logr\u00f3 reunir a figuras clave en un di\u00e1logo multisectorial que se dividi\u00f3 en tres paneles que abordaron la realidad actual de la disposici\u00f3n de residuos y las inversiones regionales para ello, las alternativas a la disposici\u00f3n final y la mirada de tres alcaldes de la regi\u00f3n sobre el tema.<\/p>\n\n\n\n<p>La actividad comenz\u00f3 con las palabras de bienvenida de Teresa Huneeus, miembro del directorio de Fundaci\u00f3n Gente del Sur, quien explic\u00f3 que \u201ceste seminario, estructurado en tres m\u00f3dulos de di\u00e1logo, nos permitir\u00e1 explorar de manera profunda y diversa la actual gesti\u00f3n de residuos, las alternativas disponibles y las proyecciones para el futuro. Desde la perspectiva de autoridades regionales, expertos en la materia y alcaldes de nuestra regi\u00f3n, esperamos generar ideas transformadoras y establecer caminos hacia un desarrollo m\u00e1s sostenible\u201d.<\/p>\n\n\n\n<p><strong>Las autoridades regionales<\/strong><\/p>\n\n\n\n<p>El primer m\u00f3dulo del encuentro, que fue conducido por el director ejecutivo de Funci\u00f3n gente del Sur, Hardy Knittel, parti\u00f3 con las palabras de la delegada presidencial regional, Paulina Mu\u00f1oz, quien tras plantear los desaf\u00edos y destacar los avances que se han alcanzado en la regi\u00f3n para la disposici\u00f3n de residuos s\u00f3lidos solidos domiciliarios, dej\u00f3 la palabra a Camila Ponce, jefa de la unidad de la Subsecretar\u00eda de Desarrollo Regional (Subdere) en Los Lagos. La profesional realiz\u00f3 un acabado diagn\u00f3stico por comuna, detallando adem\u00e1s la inversi\u00f3n p\u00fablica regional en la materia.<\/p>\n\n\n\n<p>Luego fue el turno del gobernador de la Regi\u00f3n de Los Lagos Alejandro Santana quien junto con valorar el espacio de di\u00e1logo sostuvo que las soluciones para esta tem\u00e1tica deben tener un car\u00e1cter provincial, y superar una tramitaci\u00f3n que considero excesiva.<\/p>\n\n\n\n<p>\u201cEl manejo de los residuos, tanto s\u00f3lidos como domiciliarios, tienen un factor directamente proporcional a lo que nosotros queremos lograr a trav\u00e9s de una regi\u00f3n sostenible y sustentable, donde el medio ambiente es relevante. Y aqu\u00ed las complicaciones, a mi juicio, son diversas, no solamente en el \u00e1mbito urbano, sino que tambi\u00e9n en el \u00e1mbito rural. Y creo que el gran enemigo que tiene la soluci\u00f3n hoy d\u00eda de corto o mediano plazo es la permisolog\u00eda. Los proyectos de este tipo requieren y demandan un tiempo excesivo, a mi juicio. De hecho, hay algunas instancias donde se ha logrado pasar todas las etapas en t\u00e9rminos de los permisos y, posteriormente, tambi\u00e9n sabemos que hay algunas intervenciones de comunidades ante \u00f3rganos p\u00fablicos para que se deje sin efecto\u201d, dijo.<\/p>\n\n\n\n<p><strong>Los expertos<\/strong><\/p>\n\n\n\n<p>La experiencia de la academia fue abordada en el segundo m\u00f3dulo, conducido por el periodista y Director de V\u00e9rtice TV Juan Osvaldo Mora, por dos figuras destacadas del \u00e1mbito ambiental.<br>El bloque comenz\u00f3 con exposici\u00f3n del pionero en la gesti\u00f3n de residuos s\u00f3lidos Marcel Szant\u00f3, profesor de la Universidad Cat\u00f3lica de Valpara\u00edso y doctor en ingenier\u00eda de la Universidad Polit\u00e9cnica de Madrid; y por el consultor Ra\u00fal Arteaga, quien centr\u00f3 su exposici\u00f3n en la implementaci\u00f3n de soluciones sostenibles para la disposici\u00f3n final de residuos y el desarrollo de tecnolog\u00edas innovadoras, aunque tambi\u00e9n advirti\u00f3 sobre la falta de espacios para disponer residuos.<\/p>\n\n\n\n<p>\u201cActualmente, no hay ninguna iniciativa en curso que busque resolver el problema de los residuos s\u00f3lidos. Mientras no se desarrollen proyectos que deban pasar por el sistema de evaluaci\u00f3n de impacto ambiental, no tendremos soluciones concretas en el corto plazo. Hay que considerar que una evaluaci\u00f3n ambiental puede tardar entre un a\u00f1o y dos a\u00f1os, y luego la implementaci\u00f3n del proyecto puede llevar otros dos a\u00f1os adicionales. En total, podr\u00edamos esperar entre cuatro y cinco a\u00f1os antes de ver resultados tangibles\u201d, record\u00f3 Arteaga.<\/p>\n\n\n\n<p>En un tono m\u00e1s esperanzador, el experto ambiental indico que existen alternativas intermedias. \u201cUn ejemplo es el modelo que Ancud ha implementado con Remap, una empresa autorizada para gestionar residuos s\u00f3lidos. Remap extrae los residuos aprovechables de la basura que recibe, enviando el resto a Los \u00c1ngeles, mientras que una fracci\u00f3n significativa permanece en la regi\u00f3n. Si empresas como Remap, u otras similares, incorporan el compostaje de residuos org\u00e1nicos, la mayor parte de los desechos podr\u00edan transformarse, evitando as\u00ed su destino en un relleno sanitario. De este modo, solo el material de rechazo terminar\u00eda en estos espacios de disposici\u00f3n final\u201d, dijo.<\/p>\n\n\n\n<p><strong>Los alcaldes<\/strong><\/p>\n\n\n\n<p>El tercer y \u00faltimo m\u00f3dulo de la jornada, que fue moderado por el periodista y Director de Diario El Llanquihue, Marco Salazar, reuni\u00f3 en un di\u00e1logo a los alcaldes de Puerto Montt, Rodrigo Wainraihgt; de Puerto Varas, Tom\u00e1s G\u00e1rate; y de Chonchi (Chilo\u00e9), Fernando Oyaarz\u00fan; ediles que compartieron experiencias del \u00e1mbito municipal en la gesti\u00f3n de residuos.<\/p>\n\n\n\n<p>\u201cPuerto Montt es la comuna de la Regi\u00f3n de Los Lagos que m\u00e1s residuos genera y la que mayor cantidad deposita en el relleno sanitario. Por lo tanto, este es un reto prioritario que ya estamos abordando desde diferentes enfoques. En primer lugar, hemos impulsado el reciclaje mediante tres puntos de recolecci\u00f3n en la ciudad: dos fijos y uno m\u00f3vil. Adem\u00e1s, estamos desarrollando una pol\u00edtica pionera para fomentar el compostaje de residuos org\u00e1nicos\u201d, cont\u00f3 el alcalde Wainraihgt;<\/p>\n\n\n\n<p>\u201cEsta iniciativa no solo cuenta con la participaci\u00f3n activa de la ciudadan\u00eda, sino tambi\u00e9n con el apoyo de colegios locales. Gracias a este esfuerzo conjunto, hemos logrado transformar desechos org\u00e1nicos en tierra de hoja, que luego es utilizada tanto por los vecinos involucrados en el proyecto como en nuestras \u00e1reas verdes. Paralelamente, hemos implementado una pol\u00edtica educativa orientada a sensibilizar y formar a las nuevas generaciones, reforzando nuestro compromiso con el medio ambiente\u201d, agreg\u00f3 el edil. En cuanto a la motivaci\u00f3n para realizar este tipo de di\u00e1logos, Hardy Knittel, director ejecutivo de Gente del Sur explic\u00f3 que \u201cnacen como una inquietud de la fundaci\u00f3n de contar con un espacio de reflexi\u00f3n, que permita analizar temas de relevancia e impacto, tanto a nivel nacional como regional y creemos que la forma en que gestionemos los residuos y los desaf\u00edos es una problem\u00e1tica muy relevante que no est\u00e1 totalmente resuelta\u201d.<\/p>\n","protected":false},"excerpt":{"rendered":"<p>la actividad organizada por Fundaci\u00f3n Gente del Sur analiz\u00f3 alternativas sostenibles, nuevas tecnolog\u00edas y estrategias para promover un desarrollo ambientalmente sostenible en el sur de Chile. Puerto Montt se transform\u00f3..<\/p>\n","protected":false},"author":7,"featured_media":9602,"comment_status":"closed","ping_status":"open","sticky":false,"template":"","format":"standard","meta":{"footnotes":""},"categories":[1],"tags":[],"class_list":["post-9601","post","type-post","status-publish","format-standard","has-post-thumbnail","hentry","category-acontecer"],"rttpg_featured_image_url":{"full":["https:\/\/elconquistadorredloslagos.cl\/test\/wp-content\/uploads\/2025\/04\/gente-del-sur-.png",1920,1080,false],"landscape":["https:\/\/elconquistadorredloslagos.cl\/test\/wp-content\/uploads\/2025\/04\/gente-del-sur-.png",1920,1080,false],"portraits":["https:\/\/elconquistadorredloslagos.cl\/test\/wp-content\/uploads\/2025\/04\/gente-del-sur-.png",1920,1080,false],"thumbnail":["https:\/\/elconquistadorredloslagos.cl\/test\/wp-content\/uploads\/2025\/04\/gente-del-sur--150x150.png",150,150,true],"medium":["https:\/\/elconquistadorredloslagos.cl\/test\/wp-content\/uploads\/2025\/04\/gente-del-sur--300x169.png",300,169,true],"large":["https:\/\/elconquistadorredloslagos.cl\/test\/wp-content\/uploads\/2025\/04\/gente-del-sur--1024x576.png",1024,576,true],"1536x1536":["https:\/\/elconquistadorredloslagos.cl\/test\/wp-content\/uploads\/2025\/04\/gente-del-sur--1536x864.png",1536,864,true],"2048x2048":["https:\/\/elconquistadorredloslagos.cl\/test\/wp-content\/uploads\/2025\/04\/gente-del-sur-.png",1920,1080,false]},"rttpg_author":{"display_name":"enzodelahoz1988","author_link":"https:\/\/elconquistadorredloslagos.cl\/test\/blog\/author\/enzodelahoz1988\/"},"rttpg_comment":0,"rttpg_category":"<a href=\"https:\/\/elconquistadorredloslagos.cl\/test\/blog\/category\/actual\/acontecer\/\" rel=\"category tag\">Acontecer<\/a>","rttpg_excerpt":"la actividad organizada por Fundaci\u00f3n Gente del Sur analiz\u00f3 alternativas sostenibles, nuevas tecnolog\u00edas y estrategias para promover un desarrollo ambientalmente sostenible en el sur de Chile. Puerto Montt se transform\u00f3..","_links":{"self":[{"href":"https:\/\/elconquistadorredloslagos.cl\/test\/wp-json\/wp\/v2\/posts\/9601","targetHints":{"allow":["GET"]}}],"collection":[{"href":"https:\/\/elconquistadorredloslagos.cl\/test\/wp-json\/wp\/v2\/posts"}],"about":[{"href":"https:\/\/elconquistadorredloslagos.cl\/test\/wp-json\/wp\/v2\/types\/post"}],"author":[{"embeddable":true,"href":"https:\/\/elconquistadorredloslagos.cl\/test\/wp-json\/wp\/v2\/users\/7"}],"replies":[{"embeddable":true,"href":"https:\/\/elconquistadorredloslagos.cl\/test\/wp-json\/wp\/v2\/comments?post=9601"}],"version-history":[{"count":2,"href":"https:\/\/elconquistadorredloslagos.cl\/test\/wp-json\/wp\/v2\/posts\/9601\/revisions"}],"predecessor-version":[{"id":9604,"href":"https:\/\/elconquistadorredloslagos.cl\/test\/wp-json\/wp\/v2\/posts\/9601\/revisions\/9604"}],"wp:featuredmedia":[{"embeddable":true,"href":"https:\/\/elconquistadorredloslagos.cl\/test\/wp-json\/wp\/v2\/media\/9602"}],"wp:attachment":[{"href":"https:\/\/elconquistadorredloslagos.cl\/test\/wp-json\/wp\/v2\/media?parent=9601"}],"wp:term":[{"taxonomy":"category","embeddable":true,"href":"https:\/\/elconquistadorredloslagos.cl\/test\/wp-json\/wp\/v2\/categories?post=9601"},{"taxonomy":"post_tag","embeddable":true,"href":"https:\/\/elconquistadorredloslagos.cl\/test\/wp-json\/wp\/v2\/tags?post=9601"}],"curies":[{"name":"wp","href":"https:\/\/api.w.org\/{rel}","templated":true}]}}