{"id":9595,"date":"2025-04-22T18:34:56","date_gmt":"2025-04-22T22:34:56","guid":{"rendered":"https:\/\/elconquistadorredloslagos.cl\/test\/?p=9595"},"modified":"2025-04-22T18:34:58","modified_gmt":"2025-04-22T22:34:58","slug":"90-dias-mas-para-la-investigacion-por-corrupcion-que-involucra-a-exalcalde-paredes","status":"publish","type":"post","link":"https:\/\/elconquistadorredloslagos.cl\/test\/blog\/2025\/04\/22\/90-dias-mas-para-la-investigacion-por-corrupcion-que-involucra-a-exalcalde-paredes\/","title":{"rendered":"90 d\u00edas m\u00e1s para la investigaci\u00f3n por corrupci\u00f3n que involucra a exalcalde Paredes"},"content":{"rendered":"\n<h5 class=\"wp-block-heading\"><em>Fueron reformalizados los ocho imputados en la causa, entre ellos el exalcalde de Puerto Montt Gervoy Paredes, por el delito de incremento patrimonial no justificado.<\/em><\/h5>\n\n\n\n<p>El Ministerio P\u00fablico representado por el fiscal Marco Mu\u00f1oz, reformaliz\u00f3 a la totalidad de los imputados vinculados a delitos de corrupci\u00f3n cometidos al alero de la Municipalidad de Puerto Montt. Adem\u00e1s, en la audiencia realizada este martes, el juez de Garant\u00eda otorg\u00f3 una ampliaci\u00f3n del plazo de investigaci\u00f3n por 90 d\u00edas a contar del 24 de abril seg\u00fan inform\u00f3 soypuertomontt.cl.<\/p>\n\n\n\n<p><br>Se trata de Gervoy Paredes Rojas, Alb\u00e1n Mancilla D\u00edaz, Carlos Soto Ojeda, Roberto Oyarzo Navarro, Esteban Oyarzo Navarro, Alicia Hern\u00e1ndez Espinoza, Cristi\u00e1n Gonz\u00e1lez Andrade y Carlos Parrao Aqueveque, representante zonal de Siglo Verde.<\/p>\n\n\n\n<p><br>Cabe se\u00f1alar que el fiscal Marco Mu\u00f1oz dividi\u00f3 las formalizaciones en tres hechos.<strong> Primero por el delito de incremento patrimonial no justificado de funcionario p\u00fablico del ex alcalde Gervoy Paredes<\/strong>. Seg\u00fan la Fiscal\u00eda, Paredes obtuvo un enriquecimiento no justificado por un total de $214 millones 397 mil 861 pesos en dos periodos. Entre el 1 de enero de 2012 y el 31 de diciembre de 2018 no justifica $147.517.050 (que representa un 25% de sus gastos y reembolsos totales) y en su segundo periodo como alcalde que abarc\u00f3 entre enero de 2019 hasta el 31 de diciembre de 2022, obtuvo un incremento patrimonial no justificado de $66.880.811 (que representan un 15% de sus gastos y desembolsos totales).<\/p>\n\n\n\n<p><br><strong>El segundo hecho expuesto<\/strong> corresponde a cohecho, soborno y lavado de activos. Esto implica a Gervoy Paredes Rojas y Carlos Soto Ojeda en solicitar y recibir dinero (presuntamente de empresas como Siglo Verde y Cosemar a trav\u00e9s de su representante Carlos Parrado Aqueveque) para beneficio personal del ex alcalde (pago de defensa jur\u00eddica), y luego realizar actos para ocultar el origen il\u00edcito de los fondos.<br>Carlos Parrado Aqueveque enfrenta cargos por consentir en dar el beneficio econ\u00f3mico (soborno) y aportar $1 mill\u00f3n que retir\u00f3 por cheque de caja de su cuenta personal y entreg\u00f3 por mano a Jacquelin Paz, entonces administradora municipal. Luego Paz deposit\u00f3 $5 millones en la cuenta de Gervoy Paredes del Banco Security y Paredes pag\u00f3 $10 millones al abogado Isidro Sol\u00eds deposit\u00e1ndolos en la cuenta del abogado en el Banco de Chile el 23 de agosto del a\u00f1o 2023.Fiscal\u00eda le imputa a Paredes y Soto los delitos de cohecho; a Carlos Parrao el delito de soborno y a Carlos Soto el delito de lavado de activos.<\/p>\n\n\n\n<p><br><strong>El tercer hecho<\/strong> es por fraude al fisco. Se imputa a varios funcionarios, incluyendo al alcalde Paredes Rojas, Alb\u00e1n Mancilla D\u00edaz, Roberto Oyarzo Navarro, Esteban Oyarzo Navarro, Alicia Hern\u00e1ndez Espinosa y Cristian Gonz\u00e1lez Andrade, por defraudar a la municipalidad mediante la aprobaci\u00f3n y ejecuci\u00f3n de programas (principalmente de salud y de seguimiento de asistencia) financiados con fondos SEP (Subvenci\u00f3n Escolar Preferencial). Se alega que estos programas implicaron la contrataci\u00f3n de personal que no prest\u00f3 los servicios o la simulaci\u00f3n de su ejecuci\u00f3n para desviar fondos p\u00fablicos en beneficio personal o para otros fines no autorizados, como gastos m\u00e9dicos familiares o proselitismo pol\u00edtico.<br>La defraudaci\u00f3n ocurri\u00f3 a trav\u00e9s de dos programas: uno de salud entre 2016 y 2022 que signific\u00f3 un perjuicio para el Daem de $391 millones 663 mil 301 y un otro de Seguimiento y Control de Asistencia entre 2016 y 2022, que signific\u00f3 un perjuicio en recursos p\u00fablicos por $109 millones 832 mil 666 pesos. El perjuicio total estimado por ambos programas llega a los $501 millones 495 mil 967 pesos.<\/p>\n\n\n\n<p><br>Por \u00faltimo tras la formalizaci\u00f3n se debati\u00f3 el aumento de plazo de investigaci\u00f3n. El fiscal detall\u00f3 que hay pendientes m\u00faltiples diligencias de la investigaci\u00f3n en curso, entre ellas informes policiales e informaci\u00f3n solicitada a otros servicios p\u00fablicos como la Municipalidad de Puerto Montt, Ministerio de Educaci\u00f3n, Superintendencia de Educaci\u00f3n, Contralor\u00eda, adem\u00e1s de entrevistas pendientes a funcionarios de las empresas Siglo Verde y Cosemar que se encuentran en el extranjero.<\/p>\n\n\n\n<p>Enzo De la Hoz Foto C.p. Fuente SoyChile.<\/p>\n","protected":false},"excerpt":{"rendered":"<p>Fueron reformalizados los ocho imputados en la causa, entre ellos el exalcalde de Puerto Montt Gervoy Paredes, por el delito de incremento patrimonial no justificado. El Ministerio P\u00fablico representado por..<\/p>\n","protected":false},"author":7,"featured_media":9596,"comment_status":"closed","ping_status":"open","sticky":false,"template":"","format":"standard","meta":{"footnotes":""},"categories":[1],"tags":[],"class_list":["post-9595","post","type-post","status-publish","format-standard","has-post-thumbnail","hentry","category-acontecer"],"rttpg_featured_image_url":{"full":["https:\/\/elconquistadorredloslagos.cl\/test\/wp-content\/uploads\/2025\/04\/paresdes-gervoy-preso.png",1920,1080,false],"landscape":["https:\/\/elconquistadorredloslagos.cl\/test\/wp-content\/uploads\/2025\/04\/paresdes-gervoy-preso.png",1920,1080,false],"portraits":["https:\/\/elconquistadorredloslagos.cl\/test\/wp-content\/uploads\/2025\/04\/paresdes-gervoy-preso.png",1920,1080,false],"thumbnail":["https:\/\/elconquistadorredloslagos.cl\/test\/wp-content\/uploads\/2025\/04\/paresdes-gervoy-preso-150x150.png",150,150,true],"medium":["https:\/\/elconquistadorredloslagos.cl\/test\/wp-content\/uploads\/2025\/04\/paresdes-gervoy-preso-300x169.png",300,169,true],"large":["https:\/\/elconquistadorredloslagos.cl\/test\/wp-content\/uploads\/2025\/04\/paresdes-gervoy-preso-1024x576.png",1024,576,true],"1536x1536":["https:\/\/elconquistadorredloslagos.cl\/test\/wp-content\/uploads\/2025\/04\/paresdes-gervoy-preso-1536x864.png",1536,864,true],"2048x2048":["https:\/\/elconquistadorredloslagos.cl\/test\/wp-content\/uploads\/2025\/04\/paresdes-gervoy-preso.png",1920,1080,false]},"rttpg_author":{"display_name":"enzodelahoz1988","author_link":"https:\/\/elconquistadorredloslagos.cl\/test\/blog\/author\/enzodelahoz1988\/"},"rttpg_comment":0,"rttpg_category":"<a href=\"https:\/\/elconquistadorredloslagos.cl\/test\/blog\/category\/actual\/acontecer\/\" rel=\"category tag\">Acontecer<\/a>","rttpg_excerpt":"Fueron reformalizados los ocho imputados en la causa, entre ellos el exalcalde de Puerto Montt Gervoy Paredes, por el delito de incremento patrimonial no justificado. El Ministerio P\u00fablico representado por..","_links":{"self":[{"href":"https:\/\/elconquistadorredloslagos.cl\/test\/wp-json\/wp\/v2\/posts\/9595","targetHints":{"allow":["GET"]}}],"collection":[{"href":"https:\/\/elconquistadorredloslagos.cl\/test\/wp-json\/wp\/v2\/posts"}],"about":[{"href":"https:\/\/elconquistadorredloslagos.cl\/test\/wp-json\/wp\/v2\/types\/post"}],"author":[{"embeddable":true,"href":"https:\/\/elconquistadorredloslagos.cl\/test\/wp-json\/wp\/v2\/users\/7"}],"replies":[{"embeddable":true,"href":"https:\/\/elconquistadorredloslagos.cl\/test\/wp-json\/wp\/v2\/comments?post=9595"}],"version-history":[{"count":1,"href":"https:\/\/elconquistadorredloslagos.cl\/test\/wp-json\/wp\/v2\/posts\/9595\/revisions"}],"predecessor-version":[{"id":9597,"href":"https:\/\/elconquistadorredloslagos.cl\/test\/wp-json\/wp\/v2\/posts\/9595\/revisions\/9597"}],"wp:featuredmedia":[{"embeddable":true,"href":"https:\/\/elconquistadorredloslagos.cl\/test\/wp-json\/wp\/v2\/media\/9596"}],"wp:attachment":[{"href":"https:\/\/elconquistadorredloslagos.cl\/test\/wp-json\/wp\/v2\/media?parent=9595"}],"wp:term":[{"taxonomy":"category","embeddable":true,"href":"https:\/\/elconquistadorredloslagos.cl\/test\/wp-json\/wp\/v2\/categories?post=9595"},{"taxonomy":"post_tag","embeddable":true,"href":"https:\/\/elconquistadorredloslagos.cl\/test\/wp-json\/wp\/v2\/tags?post=9595"}],"curies":[{"name":"wp","href":"https:\/\/api.w.org\/{rel}","templated":true}]}}