{"id":9592,"date":"2025-04-22T16:21:31","date_gmt":"2025-04-22T20:21:31","guid":{"rendered":"https:\/\/elconquistadorredloslagos.cl\/test\/?p=9592"},"modified":"2025-04-22T16:21:31","modified_gmt":"2025-04-22T20:21:31","slug":"chiloe-celebrara-una-nueva-version-del-festival-isla-de-hongos","status":"publish","type":"post","link":"https:\/\/elconquistadorredloslagos.cl\/test\/blog\/2025\/04\/22\/chiloe-celebrara-una-nueva-version-del-festival-isla-de-hongos\/","title":{"rendered":"Chilo\u00e9 celebrar\u00e1 una nueva versi\u00f3n del Festival Isla de Hongos"},"content":{"rendered":"\n<p>La temporada de hongos en Chilo\u00e9 ya comenz\u00f3 y con ella llega la segunda edici\u00f3n del Festival Isla de Hongos, que se realizar\u00e1 del 25 al 27 de abril en Castro y Ancud.<\/p>\n\n\n\n<p>El evento incluir\u00e1 feria de emprendimientos, m\u00e1s de 13 charlas de expertos, 8 salidas a terreno para avistar setas y talleres de arte y ciencia, entre otras actividades. Organizado por la Fundaci\u00f3n Parque Tantauco, municipios locales y diversas agrupaciones, busca acercar al p\u00fablico al fascinante mundo del Reino Fungi.<\/p>\n\n\n\n<p>Dami\u00e1n Vald\u00e9s, encargado de comunidad y extensi\u00f3n, del Parque Tantauco, entreg\u00f3 detalles sobre el evento:<\/p>\n\n\n\n<p>\u201cDurante tres d\u00edas, el p\u00fablico podr\u00e1 disfrutar de una feria con m\u00e1s de 50 stands de emprendimientos locales, gastronom\u00eda, dise\u00f1o y artesan\u00eda inspirada en la funga; m\u00e1s de 13 charlas tem\u00e1ticas con especialistas de nivel nacional; 8 salidas a terreno para avistar hongos en nuestros parques y reservas, adem\u00e1s de talleres educativos y art\u00edsticos para todas las edades\u201d, precis\u00f3.<\/p>\n\n\n\n<p>Este inter\u00e9s ha crecido en la \u00faltima d\u00e9cada, impulsado por festivales que re\u00fanen a cient\u00edficos, artistas, cocineros y aficionados.<\/p>\n\n\n\n<p>La primera edici\u00f3n del festival en Chilo\u00e9 atrajo a m\u00e1s de 2.500 personas, destacando el potencial del fungiturismo como alternativa para diversificar la oferta tur\u00edstica m\u00e1s all\u00e1 del verano.<\/p>\n\n\n\n<p><strong>ACTIVIDADES PARA PARTICIPAR<\/strong><\/p>\n\n\n\n<p>1. Feria Fungi (26 y 27 de abril, 10:00 a 18:00, Gimnasio Liceo Galvarino Riveros)<\/p>\n\n\n\n<p>M\u00e1s de 50 stands con emprendimientos sobre hongos, artesan\u00eda, gastronom\u00eda, y organizaciones dedicadas a la conservaci\u00f3n ambiental. Habr\u00e1 cosplay, m\u00fasica en vivo y sorpresas. Entrada liberada.<\/p>\n\n\n\n<p>2. Charlas Tem\u00e1ticas (25, 26 y 27 de abril)<\/p>\n\n\n\n<p>M\u00e1s de 13 charlas con expertos nacionales e internacionales sobre hongos, l\u00edquenes, fotograf\u00eda cient\u00edfica y conservaci\u00f3n. Participan investigadores como Sigisfredo Garnica, Sarah Zuern, Cristian Riquelme, entre otros. Se realizar\u00e1 el lanzamiento de la primera gu\u00eda de hongos de Chilo\u00e9.<\/p>\n\n\n\n<p>Viernes 25: Teatro Municipal de Ancud<\/p>\n\n\n\n<p>S\u00e1bado 26 y domingo 27: Audit\u00f3rium del Liceo Galvarino Riveros<\/p>\n\n\n\n<p>3. Salidas a Terreno<\/p>\n\n\n\n<p>M\u00e1s de 7 excursiones guiadas a parques y reservas en Chilo\u00e9, incluyendo Tantauco, Tepuhueico, Pindal y m\u00e1s, para explorar hongos en su h\u00e1bitat natural junto a expertos.<\/p>\n\n\n\n<p>4. Talleres Educativos (26 y 27 de abril)<\/p>\n\n\n\n<p>Talleres art\u00edsticos y cient\u00edficos para todas las edades: fieltro, acuarela, y cocina con hongos, en el Gimnasio del Liceo Galvarino Riveros.<\/p>\n\n\n\n<p>M\u00e1s informaci\u00f3n en Instagram:<\/p>\n\n\n\n<p>@festivalisladehongos2025y @hongosdechiloe<\/p>\n","protected":false},"excerpt":{"rendered":"<p>La temporada de hongos en Chilo\u00e9 ya comenz\u00f3 y con ella llega la segunda edici\u00f3n del Festival Isla de Hongos, que se realizar\u00e1 del 25 al 27 de abril en..<\/p>\n","protected":false},"author":2,"featured_media":9593,"comment_status":"closed","ping_status":"open","sticky":false,"template":"","format":"standard","meta":{"footnotes":""},"categories":[1,28,34],"tags":[],"class_list":["post-9592","post","type-post","status-publish","format-standard","has-post-thumbnail","hentry","category-acontecer","category-actual","category-cultura"],"rttpg_featured_image_url":{"full":["https:\/\/elconquistadorredloslagos.cl\/test\/wp-content\/uploads\/2025\/04\/img_1000-9.jpg",1920,1080,false],"landscape":["https:\/\/elconquistadorredloslagos.cl\/test\/wp-content\/uploads\/2025\/04\/img_1000-9.jpg",1920,1080,false],"portraits":["https:\/\/elconquistadorredloslagos.cl\/test\/wp-content\/uploads\/2025\/04\/img_1000-9.jpg",1920,1080,false],"thumbnail":["https:\/\/elconquistadorredloslagos.cl\/test\/wp-content\/uploads\/2025\/04\/img_1000-9-150x150.jpg",150,150,true],"medium":["https:\/\/elconquistadorredloslagos.cl\/test\/wp-content\/uploads\/2025\/04\/img_1000-9-300x169.jpg",300,169,true],"large":["https:\/\/elconquistadorredloslagos.cl\/test\/wp-content\/uploads\/2025\/04\/img_1000-9-1024x576.jpg",1024,576,true],"1536x1536":["https:\/\/elconquistadorredloslagos.cl\/test\/wp-content\/uploads\/2025\/04\/img_1000-9-1536x864.jpg",1536,864,true],"2048x2048":["https:\/\/elconquistadorredloslagos.cl\/test\/wp-content\/uploads\/2025\/04\/img_1000-9.jpg",1920,1080,false]},"rttpg_author":{"display_name":"ccardenas","author_link":"https:\/\/elconquistadorredloslagos.cl\/test\/blog\/author\/ccardenas\/"},"rttpg_comment":0,"rttpg_category":"<a href=\"https:\/\/elconquistadorredloslagos.cl\/test\/blog\/category\/actual\/acontecer\/\" rel=\"category tag\">Acontecer<\/a> <a href=\"https:\/\/elconquistadorredloslagos.cl\/test\/blog\/category\/actual\/\" rel=\"category tag\">Actualidad<\/a> <a href=\"https:\/\/elconquistadorredloslagos.cl\/test\/blog\/category\/cultura\/\" rel=\"category tag\">Cultural<\/a>","rttpg_excerpt":"La temporada de hongos en Chilo\u00e9 ya comenz\u00f3 y con ella llega la segunda edici\u00f3n del Festival Isla de Hongos, que se realizar\u00e1 del 25 al 27 de abril en..","_links":{"self":[{"href":"https:\/\/elconquistadorredloslagos.cl\/test\/wp-json\/wp\/v2\/posts\/9592","targetHints":{"allow":["GET"]}}],"collection":[{"href":"https:\/\/elconquistadorredloslagos.cl\/test\/wp-json\/wp\/v2\/posts"}],"about":[{"href":"https:\/\/elconquistadorredloslagos.cl\/test\/wp-json\/wp\/v2\/types\/post"}],"author":[{"embeddable":true,"href":"https:\/\/elconquistadorredloslagos.cl\/test\/wp-json\/wp\/v2\/users\/2"}],"replies":[{"embeddable":true,"href":"https:\/\/elconquistadorredloslagos.cl\/test\/wp-json\/wp\/v2\/comments?post=9592"}],"version-history":[{"count":1,"href":"https:\/\/elconquistadorredloslagos.cl\/test\/wp-json\/wp\/v2\/posts\/9592\/revisions"}],"predecessor-version":[{"id":9594,"href":"https:\/\/elconquistadorredloslagos.cl\/test\/wp-json\/wp\/v2\/posts\/9592\/revisions\/9594"}],"wp:featuredmedia":[{"embeddable":true,"href":"https:\/\/elconquistadorredloslagos.cl\/test\/wp-json\/wp\/v2\/media\/9593"}],"wp:attachment":[{"href":"https:\/\/elconquistadorredloslagos.cl\/test\/wp-json\/wp\/v2\/media?parent=9592"}],"wp:term":[{"taxonomy":"category","embeddable":true,"href":"https:\/\/elconquistadorredloslagos.cl\/test\/wp-json\/wp\/v2\/categories?post=9592"},{"taxonomy":"post_tag","embeddable":true,"href":"https:\/\/elconquistadorredloslagos.cl\/test\/wp-json\/wp\/v2\/tags?post=9592"}],"curies":[{"name":"wp","href":"https:\/\/api.w.org\/{rel}","templated":true}]}}