{"id":955,"date":"2024-07-06T11:58:17","date_gmt":"2024-07-06T15:58:17","guid":{"rendered":"https:\/\/elconquistadorredloslagos.cl\/test\/?p=955"},"modified":"2024-07-06T11:58:18","modified_gmt":"2024-07-06T15:58:18","slug":"acuerdo-entre-pasmar-y-serviu-permitira-concretar-etapa-final-de-doble-via-en-la-interconexion-alerce-puerto-montt","status":"publish","type":"post","link":"https:\/\/elconquistadorredloslagos.cl\/test\/blog\/2024\/07\/06\/acuerdo-entre-pasmar-y-serviu-permitira-concretar-etapa-final-de-doble-via-en-la-interconexion-alerce-puerto-montt\/","title":{"rendered":"Acuerdo entre Pasmar y Serviu permitir\u00e1 concretar etapa final de doble v\u00eda en la interconexi\u00f3n Alerce-Puerto Montt"},"content":{"rendered":"\n<p>Finalmente y tras un importante acuerdo entre el Grupo Pasmar y el Servicio de Vivienda y Urbanismo (Serviu), las obras correspondientes a la etapa final de la doble v\u00eda en la interconexi\u00f3n vial Alerce-Puerto Montt tendr\u00e1n luz verde.<\/p>\n\n\n\n<p>La no concreci\u00f3n del proceso de expropiaci\u00f3n tras las acciones judiciales del holding inmobiliario, mantienen las faenas paralizadas.Isabel de la Vega, directora del Serviu en Los Lagos, indic\u00f3 que el proyecto que data desde el a\u00f1o 2014, debi\u00f3 ser modificado en su dise\u00f1o, solicitando un muro que no invada el terreno. Para ello y en t\u00e9rmino t\u00e9cnicos, se instalar\u00e1 un muro TEM (Tierra Estabilizada Mec\u00e1nicamente) que consiste en la estabilizaci\u00f3n mec\u00e1nica de un terrapl\u00e9n por medio de la incorporaci\u00f3n ordenada de bandas de refuerzo al interior de un relleno granular compactado. <\/p>\n\n\n\n<p>Esta estructura sostendr\u00e1 la v\u00eda sobrenivel y con ello se disminuir\u00e1 la superficie de expropiaci\u00f3n.En las pr\u00f3ximas semanas se espera tener novedades en cuanto a la aprobaci\u00f3n del Ministerio de Desarrollo Social para la modificaci\u00f3n del proyecto.<\/p>\n\n\n\n<p><\/p>\n","protected":false},"excerpt":{"rendered":"<p>Finalmente y tras un importante acuerdo entre el Grupo Pasmar y el Servicio de Vivienda y Urbanismo (Serviu), las obras correspondientes a la etapa final de la doble v\u00eda en..<\/p>\n","protected":false},"author":2,"featured_media":956,"comment_status":"open","ping_status":"open","sticky":false,"template":"","format":"standard","meta":{"footnotes":""},"categories":[28],"tags":[],"class_list":["post-955","post","type-post","status-publish","format-standard","has-post-thumbnail","hentry","category-actual"],"rttpg_featured_image_url":{"full":["https:\/\/elconquistadorredloslagos.cl\/test\/wp-content\/uploads\/2024\/07\/var-2.jpg",606,459,false],"landscape":["https:\/\/elconquistadorredloslagos.cl\/test\/wp-content\/uploads\/2024\/07\/var-2.jpg",606,459,false],"portraits":["https:\/\/elconquistadorredloslagos.cl\/test\/wp-content\/uploads\/2024\/07\/var-2.jpg",606,459,false],"thumbnail":["https:\/\/elconquistadorredloslagos.cl\/test\/wp-content\/uploads\/2024\/07\/var-2-150x150.jpg",150,150,true],"medium":["https:\/\/elconquistadorredloslagos.cl\/test\/wp-content\/uploads\/2024\/07\/var-2-300x227.jpg",300,227,true],"large":["https:\/\/elconquistadorredloslagos.cl\/test\/wp-content\/uploads\/2024\/07\/var-2.jpg",606,459,false],"1536x1536":["https:\/\/elconquistadorredloslagos.cl\/test\/wp-content\/uploads\/2024\/07\/var-2.jpg",606,459,false],"2048x2048":["https:\/\/elconquistadorredloslagos.cl\/test\/wp-content\/uploads\/2024\/07\/var-2.jpg",606,459,false]},"rttpg_author":{"display_name":"ccardenas","author_link":"https:\/\/elconquistadorredloslagos.cl\/test\/blog\/author\/ccardenas\/"},"rttpg_comment":0,"rttpg_category":"<a href=\"https:\/\/elconquistadorredloslagos.cl\/test\/blog\/category\/actual\/\" rel=\"category tag\">Actualidad<\/a>","rttpg_excerpt":"Finalmente y tras un importante acuerdo entre el Grupo Pasmar y el Servicio de Vivienda y Urbanismo (Serviu), las obras correspondientes a la etapa final de la doble v\u00eda en..","_links":{"self":[{"href":"https:\/\/elconquistadorredloslagos.cl\/test\/wp-json\/wp\/v2\/posts\/955","targetHints":{"allow":["GET"]}}],"collection":[{"href":"https:\/\/elconquistadorredloslagos.cl\/test\/wp-json\/wp\/v2\/posts"}],"about":[{"href":"https:\/\/elconquistadorredloslagos.cl\/test\/wp-json\/wp\/v2\/types\/post"}],"author":[{"embeddable":true,"href":"https:\/\/elconquistadorredloslagos.cl\/test\/wp-json\/wp\/v2\/users\/2"}],"replies":[{"embeddable":true,"href":"https:\/\/elconquistadorredloslagos.cl\/test\/wp-json\/wp\/v2\/comments?post=955"}],"version-history":[{"count":1,"href":"https:\/\/elconquistadorredloslagos.cl\/test\/wp-json\/wp\/v2\/posts\/955\/revisions"}],"predecessor-version":[{"id":957,"href":"https:\/\/elconquistadorredloslagos.cl\/test\/wp-json\/wp\/v2\/posts\/955\/revisions\/957"}],"wp:featuredmedia":[{"embeddable":true,"href":"https:\/\/elconquistadorredloslagos.cl\/test\/wp-json\/wp\/v2\/media\/956"}],"wp:attachment":[{"href":"https:\/\/elconquistadorredloslagos.cl\/test\/wp-json\/wp\/v2\/media?parent=955"}],"wp:term":[{"taxonomy":"category","embeddable":true,"href":"https:\/\/elconquistadorredloslagos.cl\/test\/wp-json\/wp\/v2\/categories?post=955"},{"taxonomy":"post_tag","embeddable":true,"href":"https:\/\/elconquistadorredloslagos.cl\/test\/wp-json\/wp\/v2\/tags?post=955"}],"curies":[{"name":"wp","href":"https:\/\/api.w.org\/{rel}","templated":true}]}}