{"id":9515,"date":"2025-04-21T08:31:32","date_gmt":"2025-04-21T12:31:32","guid":{"rendered":"https:\/\/elconquistadorredloslagos.cl\/test\/?p=9515"},"modified":"2025-04-21T11:41:01","modified_gmt":"2025-04-21T15:41:01","slug":"paso-cardenal-samore-registro-casi-20-mil-cruces-durante-el-fin-de-semana-largo","status":"publish","type":"post","link":"https:\/\/elconquistadorredloslagos.cl\/test\/blog\/2025\/04\/21\/paso-cardenal-samore-registro-casi-20-mil-cruces-durante-el-fin-de-semana-largo\/","title":{"rendered":"Paso Cardenal Samor\u00e9 registr\u00f3 casi 20 mil cruces durante el fin de semana largo"},"content":{"rendered":"\n<p>En casi 20 mil se cifr\u00f3 la cantidad de personas que transitaron por el paso fronterizo Cardenal Antonio Samor\u00e9 durante estos d\u00edas de Semana Santa, de acuerdo al balance entregado por la delegaci\u00f3n presidencial provincial de Osorno.<\/p>\n\n\n\n<p>Seg\u00fan datos oficiales, desde el jueves al domingo se contabiliz\u00f3 el ingreso y salida de 19 mil 959 personas, junto a 5 mil 131 autom\u00f3viles particulares, 486 camiones de carga y 83 buses. <\/p>\n\n\n\n<p>Las cifras reflejan una baja del 10,9% respecto al mismo per\u00edodo del a\u00f1o pasado.<\/p>\n\n\n\n<p>En relaci\u00f3n con los tiempos de atenci\u00f3n, se indic\u00f3 que las esperas fluctuaron entre 20 y 40 minutos, gracias a la labor de 80 funcionarios p\u00fablicos que se mantuvieron desplegados para asegurar el normal funcionamiento del complejo fronterizo.<\/p>\n\n\n\n<p>Adem\u00e1s, durante la jornada de ayer se report\u00f3 un incidente aislado que involucr\u00f3 a un transportista con fallas mec\u00e1nicas en su veh\u00edculo, quien fue derivado hasta las instalaciones del complejo Samor\u00e9 para recibir apoyo.<\/p>\n\n\n\n<p>\ud83d\udcf7 Redes sociales<\/p>\n","protected":false},"excerpt":{"rendered":"<p>En casi 20 mil se cifr\u00f3 la cantidad de personas que transitaron por el paso fronterizo Cardenal Antonio Samor\u00e9 durante estos d\u00edas de Semana Santa, de acuerdo al balance entregado..<\/p>\n","protected":false},"author":2,"featured_media":9516,"comment_status":"closed","ping_status":"open","sticky":false,"template":"","format":"standard","meta":{"footnotes":""},"categories":[1,28],"tags":[],"class_list":["post-9515","post","type-post","status-publish","format-standard","has-post-thumbnail","hentry","category-acontecer","category-actual"],"rttpg_featured_image_url":{"full":["https:\/\/elconquistadorredloslagos.cl\/test\/wp-content\/uploads\/2025\/04\/Diseno-sin-titulo_20250420_223846_0000.jpg",1920,1080,false],"landscape":["https:\/\/elconquistadorredloslagos.cl\/test\/wp-content\/uploads\/2025\/04\/Diseno-sin-titulo_20250420_223846_0000.jpg",1920,1080,false],"portraits":["https:\/\/elconquistadorredloslagos.cl\/test\/wp-content\/uploads\/2025\/04\/Diseno-sin-titulo_20250420_223846_0000.jpg",1920,1080,false],"thumbnail":["https:\/\/elconquistadorredloslagos.cl\/test\/wp-content\/uploads\/2025\/04\/Diseno-sin-titulo_20250420_223846_0000-150x150.jpg",150,150,true],"medium":["https:\/\/elconquistadorredloslagos.cl\/test\/wp-content\/uploads\/2025\/04\/Diseno-sin-titulo_20250420_223846_0000-300x169.jpg",300,169,true],"large":["https:\/\/elconquistadorredloslagos.cl\/test\/wp-content\/uploads\/2025\/04\/Diseno-sin-titulo_20250420_223846_0000-1024x576.jpg",1024,576,true],"1536x1536":["https:\/\/elconquistadorredloslagos.cl\/test\/wp-content\/uploads\/2025\/04\/Diseno-sin-titulo_20250420_223846_0000-1536x864.jpg",1536,864,true],"2048x2048":["https:\/\/elconquistadorredloslagos.cl\/test\/wp-content\/uploads\/2025\/04\/Diseno-sin-titulo_20250420_223846_0000.jpg",1920,1080,false]},"rttpg_author":{"display_name":"ccardenas","author_link":"https:\/\/elconquistadorredloslagos.cl\/test\/blog\/author\/ccardenas\/"},"rttpg_comment":0,"rttpg_category":"<a href=\"https:\/\/elconquistadorredloslagos.cl\/test\/blog\/category\/actual\/acontecer\/\" rel=\"category tag\">Acontecer<\/a> <a href=\"https:\/\/elconquistadorredloslagos.cl\/test\/blog\/category\/actual\/\" rel=\"category tag\">Actualidad<\/a>","rttpg_excerpt":"En casi 20 mil se cifr\u00f3 la cantidad de personas que transitaron por el paso fronterizo Cardenal Antonio Samor\u00e9 durante estos d\u00edas de Semana Santa, de acuerdo al balance entregado..","_links":{"self":[{"href":"https:\/\/elconquistadorredloslagos.cl\/test\/wp-json\/wp\/v2\/posts\/9515","targetHints":{"allow":["GET"]}}],"collection":[{"href":"https:\/\/elconquistadorredloslagos.cl\/test\/wp-json\/wp\/v2\/posts"}],"about":[{"href":"https:\/\/elconquistadorredloslagos.cl\/test\/wp-json\/wp\/v2\/types\/post"}],"author":[{"embeddable":true,"href":"https:\/\/elconquistadorredloslagos.cl\/test\/wp-json\/wp\/v2\/users\/2"}],"replies":[{"embeddable":true,"href":"https:\/\/elconquistadorredloslagos.cl\/test\/wp-json\/wp\/v2\/comments?post=9515"}],"version-history":[{"count":3,"href":"https:\/\/elconquistadorredloslagos.cl\/test\/wp-json\/wp\/v2\/posts\/9515\/revisions"}],"predecessor-version":[{"id":9538,"href":"https:\/\/elconquistadorredloslagos.cl\/test\/wp-json\/wp\/v2\/posts\/9515\/revisions\/9538"}],"wp:featuredmedia":[{"embeddable":true,"href":"https:\/\/elconquistadorredloslagos.cl\/test\/wp-json\/wp\/v2\/media\/9516"}],"wp:attachment":[{"href":"https:\/\/elconquistadorredloslagos.cl\/test\/wp-json\/wp\/v2\/media?parent=9515"}],"wp:term":[{"taxonomy":"category","embeddable":true,"href":"https:\/\/elconquistadorredloslagos.cl\/test\/wp-json\/wp\/v2\/categories?post=9515"},{"taxonomy":"post_tag","embeddable":true,"href":"https:\/\/elconquistadorredloslagos.cl\/test\/wp-json\/wp\/v2\/tags?post=9515"}],"curies":[{"name":"wp","href":"https:\/\/api.w.org\/{rel}","templated":true}]}}