{"id":951,"date":"2024-07-06T11:56:04","date_gmt":"2024-07-06T15:56:04","guid":{"rendered":"https:\/\/elconquistadorredloslagos.cl\/test\/?p=951"},"modified":"2024-07-06T11:56:05","modified_gmt":"2024-07-06T15:56:05","slug":"isla-aucar-podria-ser-declara-monumento-historico-durante-la-proxima-semana","status":"publish","type":"post","link":"https:\/\/elconquistadorredloslagos.cl\/test\/blog\/2024\/07\/06\/isla-aucar-podria-ser-declara-monumento-historico-durante-la-proxima-semana\/","title":{"rendered":"Isla Aucar podr\u00eda ser declara Monumento Hist\u00f3rico durante la pr\u00f3xima semana"},"content":{"rendered":"\n<p>Para el pr\u00f3ximo mi\u00e9rcoles 10 de julio est\u00e1 fijada la sesi\u00f3n del Consejo de Monumentos Nacionales en que se har\u00e1 revisi\u00f3n del expediente del sitio y pasarela de Isla Aucar, para poder ser declarada como Monumento Hist\u00f3rico.<\/p>\n\n\n\n<p>Fue en el a\u00f1o 2017 cuando una serie de organizaciones y autoridades promovieron este proyecto, en una solicitud al Ministerio de las Culturas, las Artes y el Patrimonio. Este nuevo estatus para la popularmente conocida como la Isla de las Almas Navegantes, busca sumar herramientas para contar con un mayor resguardo de este lugar.<\/p>\n\n\n\n<p>Jos\u00e9 Paillaleve, del Conjunto Folcl\u00f3rico Aucar de Quemchi, quienes hace casi 25 a\u00f1os poseen un comodato este espacio, en compa\u00f1\u00eda del Obispado de Ancud. \u201cNecesitamos mayor resguardo porque estamos muy preocupados del deterioro de la isla, sobre todo de la parte norte de la isla que se est\u00e1 deteriorando mucho, hay mucho derrumbe\u201d, precis\u00f3.<\/p>\n\n\n\n<p>De acuerdo a cifras de la Asociaci\u00f3n de Turismo de Aucar, la cantidad de personas que llega a visitar esta localidad con fines tur\u00edsticos, bordeaba las 40 mil anuales previo a la pandemia (2017-2018).No obstante, en la actualidad estos n\u00fameros habr\u00edan aumentado casi al doble; la llegada diaria de buses, proyecta un flujo de visitantes que var\u00eda entre los 60 y 80 mil individuos por a\u00f1o.<\/p>\n","protected":false},"excerpt":{"rendered":"<p>Para el pr\u00f3ximo mi\u00e9rcoles 10 de julio est\u00e1 fijada la sesi\u00f3n del Consejo de Monumentos Nacionales en que se har\u00e1 revisi\u00f3n del expediente del sitio y pasarela de Isla Aucar,..<\/p>\n","protected":false},"author":2,"featured_media":952,"comment_status":"open","ping_status":"open","sticky":false,"template":"","format":"standard","meta":{"footnotes":""},"categories":[28],"tags":[],"class_list":["post-951","post","type-post","status-publish","format-standard","has-post-thumbnail","hentry","category-actual"],"rttpg_featured_image_url":{"full":["https:\/\/elconquistadorredloslagos.cl\/test\/wp-content\/uploads\/2024\/07\/ISLA-AUCAR1.jpg",720,788,false],"landscape":["https:\/\/elconquistadorredloslagos.cl\/test\/wp-content\/uploads\/2024\/07\/ISLA-AUCAR1.jpg",720,788,false],"portraits":["https:\/\/elconquistadorredloslagos.cl\/test\/wp-content\/uploads\/2024\/07\/ISLA-AUCAR1.jpg",720,788,false],"thumbnail":["https:\/\/elconquistadorredloslagos.cl\/test\/wp-content\/uploads\/2024\/07\/ISLA-AUCAR1-150x150.jpg",150,150,true],"medium":["https:\/\/elconquistadorredloslagos.cl\/test\/wp-content\/uploads\/2024\/07\/ISLA-AUCAR1-274x300.jpg",274,300,true],"large":["https:\/\/elconquistadorredloslagos.cl\/test\/wp-content\/uploads\/2024\/07\/ISLA-AUCAR1.jpg",720,788,false],"1536x1536":["https:\/\/elconquistadorredloslagos.cl\/test\/wp-content\/uploads\/2024\/07\/ISLA-AUCAR1.jpg",720,788,false],"2048x2048":["https:\/\/elconquistadorredloslagos.cl\/test\/wp-content\/uploads\/2024\/07\/ISLA-AUCAR1.jpg",720,788,false]},"rttpg_author":{"display_name":"ccardenas","author_link":"https:\/\/elconquistadorredloslagos.cl\/test\/blog\/author\/ccardenas\/"},"rttpg_comment":0,"rttpg_category":"<a href=\"https:\/\/elconquistadorredloslagos.cl\/test\/blog\/category\/actual\/\" rel=\"category tag\">Actualidad<\/a>","rttpg_excerpt":"Para el pr\u00f3ximo mi\u00e9rcoles 10 de julio est\u00e1 fijada la sesi\u00f3n del Consejo de Monumentos Nacionales en que se har\u00e1 revisi\u00f3n del expediente del sitio y pasarela de Isla Aucar,..","_links":{"self":[{"href":"https:\/\/elconquistadorredloslagos.cl\/test\/wp-json\/wp\/v2\/posts\/951","targetHints":{"allow":["GET"]}}],"collection":[{"href":"https:\/\/elconquistadorredloslagos.cl\/test\/wp-json\/wp\/v2\/posts"}],"about":[{"href":"https:\/\/elconquistadorredloslagos.cl\/test\/wp-json\/wp\/v2\/types\/post"}],"author":[{"embeddable":true,"href":"https:\/\/elconquistadorredloslagos.cl\/test\/wp-json\/wp\/v2\/users\/2"}],"replies":[{"embeddable":true,"href":"https:\/\/elconquistadorredloslagos.cl\/test\/wp-json\/wp\/v2\/comments?post=951"}],"version-history":[{"count":2,"href":"https:\/\/elconquistadorredloslagos.cl\/test\/wp-json\/wp\/v2\/posts\/951\/revisions"}],"predecessor-version":[{"id":964,"href":"https:\/\/elconquistadorredloslagos.cl\/test\/wp-json\/wp\/v2\/posts\/951\/revisions\/964"}],"wp:featuredmedia":[{"embeddable":true,"href":"https:\/\/elconquistadorredloslagos.cl\/test\/wp-json\/wp\/v2\/media\/952"}],"wp:attachment":[{"href":"https:\/\/elconquistadorredloslagos.cl\/test\/wp-json\/wp\/v2\/media?parent=951"}],"wp:term":[{"taxonomy":"category","embeddable":true,"href":"https:\/\/elconquistadorredloslagos.cl\/test\/wp-json\/wp\/v2\/categories?post=951"},{"taxonomy":"post_tag","embeddable":true,"href":"https:\/\/elconquistadorredloslagos.cl\/test\/wp-json\/wp\/v2\/tags?post=951"}],"curies":[{"name":"wp","href":"https:\/\/api.w.org\/{rel}","templated":true}]}}