{"id":9506,"date":"2025-04-17T17:01:36","date_gmt":"2025-04-17T21:01:36","guid":{"rendered":"https:\/\/elconquistadorredloslagos.cl\/test\/?p=9506"},"modified":"2025-04-24T12:41:43","modified_gmt":"2025-04-24T16:41:43","slug":"columna-de-opinion-desarrollo-productivo-sostenible-el-desafio-que-agrega-valor-para-la-region-de-los-lagos","status":"publish","type":"post","link":"https:\/\/elconquistadorredloslagos.cl\/test\/blog\/2025\/04\/17\/columna-de-opinion-desarrollo-productivo-sostenible-el-desafio-que-agrega-valor-para-la-region-de-los-lagos\/","title":{"rendered":"Columna de Opini\u00f3n: Desarrollo productivo sostenible, el desaf\u00edo que agrega valor para la Regi\u00f3n de Los Lagos"},"content":{"rendered":"\n<h5 class=\"wp-block-heading\">El cambio clim\u00e1tico ya no es un escenario futuro; es una realidad que afecta a nuestras comunidades, sectores productivos y ecosistemas. La Regi\u00f3n de Los Lagos cumple siete de los nueve criterios de vulnerabilidad definidos por las Naciones Unidas. La pregunta es clara: \u00bfseguimos con un modelo extractivo y lineal, o lideramos una transformaci\u00f3n hacia una econom\u00eda verdaderamente sostenible y resiliente? Esta decisi\u00f3n no puede seguir posterg\u00e1ndose.<\/h5>\n\n\n\n<p>El Comit\u00e9 de Desarrollo Productivo Regional (CDPR) de Los Lagos, liderado por el Gobernador Regional, con participaci\u00f3n del CORE y actores p\u00fablicos y privados, representa un ejemplo de descentralizaci\u00f3n efectiva. En este espacio se deciden prioridades e instrumentos de fomento productivo de Corfo y Sercotec con enfoque territorial.<\/p>\n\n\n\n<p>En este marco, se ha definido el eje estrat\u00e9gico: <strong>\u00abCompetitividad Regional Sostenible con \u00e9nfasis en Econom\u00eda Circular\u00bb<\/strong>. M\u00e1s que una consigna, se trata de una hoja de ruta que redefine c\u00f3mo producimos, innovamos y habitamos nuestro territorio.<\/p>\n\n\n\n<p>Hablar de competitividad sostenible implica repensar nuestros indicadores de \u00e9xito. Ya no basta con evaluar la rentabilidad financiera: debemos considerar el valor econ\u00f3mico, social y ambiental de largo plazo. En este sentido, la econom\u00eda circular \u2014donde los residuos se transforman en insumos\u2014 se posiciona como base de un nuevo paradigma productivo. Impulsamos que empresas y organizaciones reduzcan, reutilicen y reciclen, integrando eficiencia energ\u00e9tica, innovaci\u00f3n tecnol\u00f3gica y responsabilidad ambiental.<\/p>\n\n\n\n<p>Esta visi\u00f3n est\u00e1 alineada con la Estrategia Regional de Desarrollo 2030 y el Plan Nacional de Adaptaci\u00f3n al Cambio Clim\u00e1tico. La competitividad debe ir de la mano del resguardo del capital natural, la transici\u00f3n hacia industrias descarbonizadas y comunidades preparadas para liderar la innovaci\u00f3n en un contexto cambiante.<\/p>\n\n\n\n<p>Desde Los Lagos, observamos una positiva disposici\u00f3n del sector privado. Rubros como la acuicultura, agricultura, turismo, construcci\u00f3n y el \u00e1mbito portuario ya est\u00e1n incorporando pr\u00e1cticas sostenibles. Como Comit\u00e9, nuestro rol es facilitar esta transformaci\u00f3n, acercando programas y herramientas especialmente a peque\u00f1as y medianas empresas, cooperativas y emprendedores rurales.<\/p>\n\n\n\n<p>Creemos firmemente que es posible crecer sin destruir, producir sin contaminar y avanzar sin dejar a nadie atr\u00e1s.<\/p>\n\n\n\n<p><strong>Por Eduardo Arancibia, Director Regional de Corfo Los Lagos<\/strong><\/p>\n","protected":false},"excerpt":{"rendered":"<p>El cambio clim\u00e1tico ya no es un escenario futuro; es una realidad que afecta a nuestras comunidades, sectores productivos y ecosistemas. La Regi\u00f3n de Los Lagos cumple siete de los..<\/p>\n","protected":false},"author":7,"featured_media":9507,"comment_status":"closed","ping_status":"open","sticky":false,"template":"","format":"standard","meta":{"footnotes":""},"categories":[1,30],"tags":[],"class_list":["post-9506","post","type-post","status-publish","format-standard","has-post-thumbnail","hentry","category-acontecer","category-opinion"],"rttpg_featured_image_url":{"full":["https:\/\/elconquistadorredloslagos.cl\/test\/wp-content\/uploads\/2025\/04\/director-de-corfo.png",1920,1080,false],"landscape":["https:\/\/elconquistadorredloslagos.cl\/test\/wp-content\/uploads\/2025\/04\/director-de-corfo.png",1920,1080,false],"portraits":["https:\/\/elconquistadorredloslagos.cl\/test\/wp-content\/uploads\/2025\/04\/director-de-corfo.png",1920,1080,false],"thumbnail":["https:\/\/elconquistadorredloslagos.cl\/test\/wp-content\/uploads\/2025\/04\/director-de-corfo-150x150.png",150,150,true],"medium":["https:\/\/elconquistadorredloslagos.cl\/test\/wp-content\/uploads\/2025\/04\/director-de-corfo-300x169.png",300,169,true],"large":["https:\/\/elconquistadorredloslagos.cl\/test\/wp-content\/uploads\/2025\/04\/director-de-corfo-1024x576.png",1024,576,true],"1536x1536":["https:\/\/elconquistadorredloslagos.cl\/test\/wp-content\/uploads\/2025\/04\/director-de-corfo-1536x864.png",1536,864,true],"2048x2048":["https:\/\/elconquistadorredloslagos.cl\/test\/wp-content\/uploads\/2025\/04\/director-de-corfo.png",1920,1080,false]},"rttpg_author":{"display_name":"enzodelahoz1988","author_link":"https:\/\/elconquistadorredloslagos.cl\/test\/blog\/author\/enzodelahoz1988\/"},"rttpg_comment":0,"rttpg_category":"<a href=\"https:\/\/elconquistadorredloslagos.cl\/test\/blog\/category\/actual\/acontecer\/\" rel=\"category tag\">Acontecer<\/a> <a href=\"https:\/\/elconquistadorredloslagos.cl\/test\/blog\/category\/opinion\/\" rel=\"category tag\">Columnas de Opini\u00f3n<\/a>","rttpg_excerpt":"El cambio clim\u00e1tico ya no es un escenario futuro; es una realidad que afecta a nuestras comunidades, sectores productivos y ecosistemas. La Regi\u00f3n de Los Lagos cumple siete de los..","_links":{"self":[{"href":"https:\/\/elconquistadorredloslagos.cl\/test\/wp-json\/wp\/v2\/posts\/9506","targetHints":{"allow":["GET"]}}],"collection":[{"href":"https:\/\/elconquistadorredloslagos.cl\/test\/wp-json\/wp\/v2\/posts"}],"about":[{"href":"https:\/\/elconquistadorredloslagos.cl\/test\/wp-json\/wp\/v2\/types\/post"}],"author":[{"embeddable":true,"href":"https:\/\/elconquistadorredloslagos.cl\/test\/wp-json\/wp\/v2\/users\/7"}],"replies":[{"embeddable":true,"href":"https:\/\/elconquistadorredloslagos.cl\/test\/wp-json\/wp\/v2\/comments?post=9506"}],"version-history":[{"count":2,"href":"https:\/\/elconquistadorredloslagos.cl\/test\/wp-json\/wp\/v2\/posts\/9506\/revisions"}],"predecessor-version":[{"id":9651,"href":"https:\/\/elconquistadorredloslagos.cl\/test\/wp-json\/wp\/v2\/posts\/9506\/revisions\/9651"}],"wp:featuredmedia":[{"embeddable":true,"href":"https:\/\/elconquistadorredloslagos.cl\/test\/wp-json\/wp\/v2\/media\/9507"}],"wp:attachment":[{"href":"https:\/\/elconquistadorredloslagos.cl\/test\/wp-json\/wp\/v2\/media?parent=9506"}],"wp:term":[{"taxonomy":"category","embeddable":true,"href":"https:\/\/elconquistadorredloslagos.cl\/test\/wp-json\/wp\/v2\/categories?post=9506"},{"taxonomy":"post_tag","embeddable":true,"href":"https:\/\/elconquistadorredloslagos.cl\/test\/wp-json\/wp\/v2\/tags?post=9506"}],"curies":[{"name":"wp","href":"https:\/\/api.w.org\/{rel}","templated":true}]}}