{"id":9503,"date":"2025-04-17T16:26:30","date_gmt":"2025-04-17T20:26:30","guid":{"rendered":"https:\/\/elconquistadorredloslagos.cl\/test\/?p=9503"},"modified":"2025-04-17T16:26:30","modified_gmt":"2025-04-17T20:26:30","slug":"marcos-reyes-llego-a-santiago-pero-aun-falta-la-mitad-de-la-meta","status":"publish","type":"post","link":"https:\/\/elconquistadorredloslagos.cl\/test\/blog\/2025\/04\/17\/marcos-reyes-llego-a-santiago-pero-aun-falta-la-mitad-de-la-meta\/","title":{"rendered":"Marcos Reyes lleg\u00f3 a Santiago pero a\u00fan falta la mitad de la meta"},"content":{"rendered":"\n<p>Santiago recibi\u00f3 este mi\u00e9rcoles a Marcos Reyes, quien complet\u00f3 una caminata de 32 d\u00edas desde Ancud con el objetivo de visibilizar la lucha de sus hijos Vicente y Lucas, ambos diagnosticados con Distrofia Muscular de Duchenne.<\/p>\n\n\n\n<p>Si bien la llegada a la capital no fue igual de medi\u00e1tica que la del a\u00f1o pasado junto a Camila G\u00f3mez, se trat\u00f3 de una jornada llena de emociones. Aunque se cumpli\u00f3 la meta simb\u00f3lica de llegar a la Regi\u00f3n Metropolitana, a\u00fan resta reunir la segunda mitad de los fondos necesarios (3 mil 500 millones de pesos) para costear el tratamiento de los menores en Estados Unidos. \u201cHemos avanzado, pero necesitamos seguir motivando a las personas a colaborar. Solo queda un mes para alcanzar la meta\u201d, se\u00f1al\u00f3 Daniela, madre de los gemelos, durante una transmisi\u00f3n en vivo desde el centro de la capital del pa\u00eds.<\/p>\n\n\n\n<p>La familia expres\u00f3 su decepci\u00f3n ante la falta de apoyo institucional. Daniela critic\u00f3 la escasa sensibilidad del Ministerio de Salud frente a la situaci\u00f3n de las familias que conviven con esta enfermedad en Chile. Adem\u00e1s, lament\u00f3 la manera en que se les inform\u00f3 que el presidente Gabriel Boric no podr\u00eda recibirlos por problemas de agenda.<\/p>\n\n\n\n<p>Pese a las dificultades, Reyes inst\u00f3 a la ciudadan\u00eda a continuar respaldando la campa\u00f1a. \u201cLlegar a Santiago era solo una parte del desaf\u00edo. Ahora necesitamos que m\u00e1s personas se sumen, porque a\u00fan falta mucho por hacer\u201d, enfatiz\u00f3.<\/p>\n\n\n\n<p>En los d\u00edas previos a su arribo a Santiago, la comitiva atraves\u00f3 la regi\u00f3n de Valpara\u00edso, donde visitaron el Congreso Nacional y sostuvieron reuniones con parlamentarios de ambas c\u00e1maras. El prop\u00f3sito: dar visibilidad a una enfermedad que -pese a su gravedad- sigue sin recibir la atenci\u00f3n que requieren las familias afectadas.<\/p>\n\n\n\n<p>\ud83d\udcf7 gemes_contra_duchenne &#8211; Instagram<\/p>\n","protected":false},"excerpt":{"rendered":"<p>Santiago recibi\u00f3 este mi\u00e9rcoles a Marcos Reyes, quien complet\u00f3 una caminata de 32 d\u00edas desde Ancud con el objetivo de visibilizar la lucha de sus hijos Vicente y Lucas, ambos..<\/p>\n","protected":false},"author":2,"featured_media":9504,"comment_status":"closed","ping_status":"open","sticky":false,"template":"","format":"standard","meta":{"footnotes":""},"categories":[1,28,26],"tags":[],"class_list":["post-9503","post","type-post","status-publish","format-standard","has-post-thumbnail","hentry","category-acontecer","category-actual","category-comunidad"],"rttpg_featured_image_url":{"full":["https:\/\/elconquistadorredloslagos.cl\/test\/wp-content\/uploads\/2025\/04\/Diseno-sin-titulo-4-4.jpg",1920,1080,false],"landscape":["https:\/\/elconquistadorredloslagos.cl\/test\/wp-content\/uploads\/2025\/04\/Diseno-sin-titulo-4-4.jpg",1920,1080,false],"portraits":["https:\/\/elconquistadorredloslagos.cl\/test\/wp-content\/uploads\/2025\/04\/Diseno-sin-titulo-4-4.jpg",1920,1080,false],"thumbnail":["https:\/\/elconquistadorredloslagos.cl\/test\/wp-content\/uploads\/2025\/04\/Diseno-sin-titulo-4-4-150x150.jpg",150,150,true],"medium":["https:\/\/elconquistadorredloslagos.cl\/test\/wp-content\/uploads\/2025\/04\/Diseno-sin-titulo-4-4-300x169.jpg",300,169,true],"large":["https:\/\/elconquistadorredloslagos.cl\/test\/wp-content\/uploads\/2025\/04\/Diseno-sin-titulo-4-4-1024x576.jpg",1024,576,true],"1536x1536":["https:\/\/elconquistadorredloslagos.cl\/test\/wp-content\/uploads\/2025\/04\/Diseno-sin-titulo-4-4-1536x864.jpg",1536,864,true],"2048x2048":["https:\/\/elconquistadorredloslagos.cl\/test\/wp-content\/uploads\/2025\/04\/Diseno-sin-titulo-4-4.jpg",1920,1080,false]},"rttpg_author":{"display_name":"ccardenas","author_link":"https:\/\/elconquistadorredloslagos.cl\/test\/blog\/author\/ccardenas\/"},"rttpg_comment":0,"rttpg_category":"<a href=\"https:\/\/elconquistadorredloslagos.cl\/test\/blog\/category\/actual\/acontecer\/\" rel=\"category tag\">Acontecer<\/a> <a href=\"https:\/\/elconquistadorredloslagos.cl\/test\/blog\/category\/actual\/\" rel=\"category tag\">Actualidad<\/a> <a href=\"https:\/\/elconquistadorredloslagos.cl\/test\/blog\/category\/comunidad\/\" rel=\"category tag\">Comunidad<\/a>","rttpg_excerpt":"Santiago recibi\u00f3 este mi\u00e9rcoles a Marcos Reyes, quien complet\u00f3 una caminata de 32 d\u00edas desde Ancud con el objetivo de visibilizar la lucha de sus hijos Vicente y Lucas, ambos..","_links":{"self":[{"href":"https:\/\/elconquistadorredloslagos.cl\/test\/wp-json\/wp\/v2\/posts\/9503","targetHints":{"allow":["GET"]}}],"collection":[{"href":"https:\/\/elconquistadorredloslagos.cl\/test\/wp-json\/wp\/v2\/posts"}],"about":[{"href":"https:\/\/elconquistadorredloslagos.cl\/test\/wp-json\/wp\/v2\/types\/post"}],"author":[{"embeddable":true,"href":"https:\/\/elconquistadorredloslagos.cl\/test\/wp-json\/wp\/v2\/users\/2"}],"replies":[{"embeddable":true,"href":"https:\/\/elconquistadorredloslagos.cl\/test\/wp-json\/wp\/v2\/comments?post=9503"}],"version-history":[{"count":1,"href":"https:\/\/elconquistadorredloslagos.cl\/test\/wp-json\/wp\/v2\/posts\/9503\/revisions"}],"predecessor-version":[{"id":9505,"href":"https:\/\/elconquistadorredloslagos.cl\/test\/wp-json\/wp\/v2\/posts\/9503\/revisions\/9505"}],"wp:featuredmedia":[{"embeddable":true,"href":"https:\/\/elconquistadorredloslagos.cl\/test\/wp-json\/wp\/v2\/media\/9504"}],"wp:attachment":[{"href":"https:\/\/elconquistadorredloslagos.cl\/test\/wp-json\/wp\/v2\/media?parent=9503"}],"wp:term":[{"taxonomy":"category","embeddable":true,"href":"https:\/\/elconquistadorredloslagos.cl\/test\/wp-json\/wp\/v2\/categories?post=9503"},{"taxonomy":"post_tag","embeddable":true,"href":"https:\/\/elconquistadorredloslagos.cl\/test\/wp-json\/wp\/v2\/tags?post=9503"}],"curies":[{"name":"wp","href":"https:\/\/api.w.org\/{rel}","templated":true}]}}