{"id":9499,"date":"2025-04-17T16:00:12","date_gmt":"2025-04-17T20:00:12","guid":{"rendered":"https:\/\/elconquistadorredloslagos.cl\/test\/?p=9499"},"modified":"2025-04-17T16:00:12","modified_gmt":"2025-04-17T20:00:12","slug":"autoridades-informaron-despliegue-para-reforzar-seguridad-vial-en-semana-santa","status":"publish","type":"post","link":"https:\/\/elconquistadorredloslagos.cl\/test\/blog\/2025\/04\/17\/autoridades-informaron-despliegue-para-reforzar-seguridad-vial-en-semana-santa\/","title":{"rendered":"Autoridades informaron despliegue para reforzar seguridad vial en Semana Santa"},"content":{"rendered":"\n<p>En el marco del Plan Semana Santa, autoridades &nbsp;regionales encabezaron una fiscalizaci\u00f3n de seguridad intersectorial en el Terminal de Buses de Puerto Montt.<\/p>\n\n\n\n<p>En esta instancia, que incluy\u00f3 la participaci\u00f3n de representantes de Carabineros de Chile, SENDA, SERNAC, la Direcci\u00f3n del Trabajo y la Direcci\u00f3n de Seguridad P\u00fablica de la Municipalidad de Puerto Montt, las autoridades expusieron el plan de seguridad vial, que contempla controles y fiscalizaciones. Asimismo, hicieron un llamado a la responsabilidad ciudadana.<\/p>\n\n\n\n<p>Tras el operativo, la Delegada Paulina Mu\u00f1oz explic\u00f3 que \u201cvamos a estar reforzando en toda la regi\u00f3n de Los Lagos, haciendo un llamado a cada uno de los vecinos y vecinas, a que este fin de semana largo de Semana Santa, podamos compartirlo en familia y sea un fin de semana seguro\u201d.<\/p>\n\n\n\n<p>En la misma l\u00ednea, el coronel Eduardo Rosales indic\u00f3 que durante todo el fin de semana largo, se va a disponer servicios en la Ruta 5.<\/p>\n\n\n\n<figure class=\"wp-block-audio\"><audio controls src=\"https:\/\/elconquistadorredloslagos.cl\/test\/wp-content\/uploads\/2025\/04\/CUNA-EDUARDO-ROSALES-online-audio-converter.com_.mp3\"><\/audio><\/figure>\n\n\n\n<p>Las medidas fueron informadas tras una fiscalizaci\u00f3n en el Terminal de Buses de Puerto Montt.<\/p>\n","protected":false},"excerpt":{"rendered":"<p>En el marco del Plan Semana Santa, autoridades &nbsp;regionales encabezaron una fiscalizaci\u00f3n de seguridad intersectorial en el Terminal de Buses de Puerto Montt. En esta instancia, que incluy\u00f3 la participaci\u00f3n..<\/p>\n","protected":false},"author":2,"featured_media":9501,"comment_status":"closed","ping_status":"open","sticky":false,"template":"","format":"standard","meta":{"footnotes":""},"categories":[1,28,26],"tags":[],"class_list":["post-9499","post","type-post","status-publish","format-standard","has-post-thumbnail","hentry","category-acontecer","category-actual","category-comunidad"],"rttpg_featured_image_url":{"full":["https:\/\/elconquistadorredloslagos.cl\/test\/wp-content\/uploads\/2025\/04\/Diseno-sin-titulo-3-5.jpg",1920,1080,false],"landscape":["https:\/\/elconquistadorredloslagos.cl\/test\/wp-content\/uploads\/2025\/04\/Diseno-sin-titulo-3-5.jpg",1920,1080,false],"portraits":["https:\/\/elconquistadorredloslagos.cl\/test\/wp-content\/uploads\/2025\/04\/Diseno-sin-titulo-3-5.jpg",1920,1080,false],"thumbnail":["https:\/\/elconquistadorredloslagos.cl\/test\/wp-content\/uploads\/2025\/04\/Diseno-sin-titulo-3-5-150x150.jpg",150,150,true],"medium":["https:\/\/elconquistadorredloslagos.cl\/test\/wp-content\/uploads\/2025\/04\/Diseno-sin-titulo-3-5-300x169.jpg",300,169,true],"large":["https:\/\/elconquistadorredloslagos.cl\/test\/wp-content\/uploads\/2025\/04\/Diseno-sin-titulo-3-5-1024x576.jpg",1024,576,true],"1536x1536":["https:\/\/elconquistadorredloslagos.cl\/test\/wp-content\/uploads\/2025\/04\/Diseno-sin-titulo-3-5-1536x864.jpg",1536,864,true],"2048x2048":["https:\/\/elconquistadorredloslagos.cl\/test\/wp-content\/uploads\/2025\/04\/Diseno-sin-titulo-3-5.jpg",1920,1080,false]},"rttpg_author":{"display_name":"ccardenas","author_link":"https:\/\/elconquistadorredloslagos.cl\/test\/blog\/author\/ccardenas\/"},"rttpg_comment":0,"rttpg_category":"<a href=\"https:\/\/elconquistadorredloslagos.cl\/test\/blog\/category\/actual\/acontecer\/\" rel=\"category tag\">Acontecer<\/a> <a href=\"https:\/\/elconquistadorredloslagos.cl\/test\/blog\/category\/actual\/\" rel=\"category tag\">Actualidad<\/a> <a href=\"https:\/\/elconquistadorredloslagos.cl\/test\/blog\/category\/comunidad\/\" rel=\"category tag\">Comunidad<\/a>","rttpg_excerpt":"En el marco del Plan Semana Santa, autoridades &nbsp;regionales encabezaron una fiscalizaci\u00f3n de seguridad intersectorial en el Terminal de Buses de Puerto Montt. En esta instancia, que incluy\u00f3 la participaci\u00f3n..","_links":{"self":[{"href":"https:\/\/elconquistadorredloslagos.cl\/test\/wp-json\/wp\/v2\/posts\/9499","targetHints":{"allow":["GET"]}}],"collection":[{"href":"https:\/\/elconquistadorredloslagos.cl\/test\/wp-json\/wp\/v2\/posts"}],"about":[{"href":"https:\/\/elconquistadorredloslagos.cl\/test\/wp-json\/wp\/v2\/types\/post"}],"author":[{"embeddable":true,"href":"https:\/\/elconquistadorredloslagos.cl\/test\/wp-json\/wp\/v2\/users\/2"}],"replies":[{"embeddable":true,"href":"https:\/\/elconquistadorredloslagos.cl\/test\/wp-json\/wp\/v2\/comments?post=9499"}],"version-history":[{"count":1,"href":"https:\/\/elconquistadorredloslagos.cl\/test\/wp-json\/wp\/v2\/posts\/9499\/revisions"}],"predecessor-version":[{"id":9502,"href":"https:\/\/elconquistadorredloslagos.cl\/test\/wp-json\/wp\/v2\/posts\/9499\/revisions\/9502"}],"wp:featuredmedia":[{"embeddable":true,"href":"https:\/\/elconquistadorredloslagos.cl\/test\/wp-json\/wp\/v2\/media\/9501"}],"wp:attachment":[{"href":"https:\/\/elconquistadorredloslagos.cl\/test\/wp-json\/wp\/v2\/media?parent=9499"}],"wp:term":[{"taxonomy":"category","embeddable":true,"href":"https:\/\/elconquistadorredloslagos.cl\/test\/wp-json\/wp\/v2\/categories?post=9499"},{"taxonomy":"post_tag","embeddable":true,"href":"https:\/\/elconquistadorredloslagos.cl\/test\/wp-json\/wp\/v2\/tags?post=9499"}],"curies":[{"name":"wp","href":"https:\/\/api.w.org\/{rel}","templated":true}]}}