{"id":9496,"date":"2025-04-17T15:51:36","date_gmt":"2025-04-17T19:51:36","guid":{"rendered":"https:\/\/elconquistadorredloslagos.cl\/test\/?p=9496"},"modified":"2025-04-17T15:51:37","modified_gmt":"2025-04-17T19:51:37","slug":"referente-pediatrico-del-servicio-de-salud-chiloe-reitera-el-llamado-a-vacunarse-contra-la-influenza","status":"publish","type":"post","link":"https:\/\/elconquistadorredloslagos.cl\/test\/blog\/2025\/04\/17\/referente-pediatrico-del-servicio-de-salud-chiloe-reitera-el-llamado-a-vacunarse-contra-la-influenza\/","title":{"rendered":"Referente pedi\u00e1trico del Servicio de Salud Chilo\u00e9 reitera el llamado a Vacunarse Contra la Influenza"},"content":{"rendered":"\n<p>El Servicio de Salud Chilo\u00e9, a trav\u00e9s de la referente pedi\u00e1trica doctora Amanda Contreras, reitera la importancia de la vacunaci\u00f3n contra la influenza, especialmente entre los grupos m\u00e1s vulnerables como ni\u00f1os, adultos mayores y personas con factores de riesgo.<\/p>\n\n\n\n<p>La doctora Contreras subraya que la influenza es la enfermedad con mayor circulaci\u00f3n viral actualmente, afectando principalmente a los adultos mayores. Aunque la cobertura en algunos grupos ha mejorado, la provincia sigue presentando bajas tasas de vacunaci\u00f3n, especialmente en ni\u00f1os de 5 a 14 a\u00f1os y mayores de 60 a\u00f1os.<\/p>\n\n\n\n<p>A pesar de los esfuerzos realizados para mejorar el acceso a la vacuna, muchos a\u00fan no la han recibido, y los equipos de salud contin\u00faan llevando a cabo campa\u00f1as en colegios y centros comunitarios.<\/p>\n\n\n\n<p>La doctora Contreras tambi\u00e9n destac\u00f3 la importancia de la seguridad vial durante los fines de semana largos, ya que los accidentes de tr\u00e1nsito afectan la capacidad de atender emergencias respiratorias. Finalmente, hizo un llamado a superar los temores infundados sobre la vacuna, asegurando que los efectos secundarios son m\u00ednimos en comparaci\u00f3n con las complicaciones graves de la influenza. La vacuna sigue siendo segura y necesaria.<\/p>\n\n\n\n<p>Si eres poblaci\u00f3n de riego, recuerda que en toda la provincia est\u00e1n disponibles puntos de vacunaci\u00f3n, para m\u00e1s m\u00e1s informaci\u00f3n visita: www.mevacuno.cl<\/p>\n","protected":false},"excerpt":{"rendered":"<p>El Servicio de Salud Chilo\u00e9, a trav\u00e9s de la referente pedi\u00e1trica doctora Amanda Contreras, reitera la importancia de la vacunaci\u00f3n contra la influenza, especialmente entre los grupos m\u00e1s vulnerables como..<\/p>\n","protected":false},"author":2,"featured_media":9497,"comment_status":"closed","ping_status":"open","sticky":false,"template":"","format":"standard","meta":{"footnotes":""},"categories":[1,28,26],"tags":[],"class_list":["post-9496","post","type-post","status-publish","format-standard","has-post-thumbnail","hentry","category-acontecer","category-actual","category-comunidad"],"rttpg_featured_image_url":{"full":["https:\/\/elconquistadorredloslagos.cl\/test\/wp-content\/uploads\/2025\/04\/Diseno-sin-titulo-2-10.jpg",1920,1080,false],"landscape":["https:\/\/elconquistadorredloslagos.cl\/test\/wp-content\/uploads\/2025\/04\/Diseno-sin-titulo-2-10.jpg",1920,1080,false],"portraits":["https:\/\/elconquistadorredloslagos.cl\/test\/wp-content\/uploads\/2025\/04\/Diseno-sin-titulo-2-10.jpg",1920,1080,false],"thumbnail":["https:\/\/elconquistadorredloslagos.cl\/test\/wp-content\/uploads\/2025\/04\/Diseno-sin-titulo-2-10-150x150.jpg",150,150,true],"medium":["https:\/\/elconquistadorredloslagos.cl\/test\/wp-content\/uploads\/2025\/04\/Diseno-sin-titulo-2-10-300x169.jpg",300,169,true],"large":["https:\/\/elconquistadorredloslagos.cl\/test\/wp-content\/uploads\/2025\/04\/Diseno-sin-titulo-2-10-1024x576.jpg",1024,576,true],"1536x1536":["https:\/\/elconquistadorredloslagos.cl\/test\/wp-content\/uploads\/2025\/04\/Diseno-sin-titulo-2-10-1536x864.jpg",1536,864,true],"2048x2048":["https:\/\/elconquistadorredloslagos.cl\/test\/wp-content\/uploads\/2025\/04\/Diseno-sin-titulo-2-10.jpg",1920,1080,false]},"rttpg_author":{"display_name":"ccardenas","author_link":"https:\/\/elconquistadorredloslagos.cl\/test\/blog\/author\/ccardenas\/"},"rttpg_comment":0,"rttpg_category":"<a href=\"https:\/\/elconquistadorredloslagos.cl\/test\/blog\/category\/actual\/acontecer\/\" rel=\"category tag\">Acontecer<\/a> <a href=\"https:\/\/elconquistadorredloslagos.cl\/test\/blog\/category\/actual\/\" rel=\"category tag\">Actualidad<\/a> <a href=\"https:\/\/elconquistadorredloslagos.cl\/test\/blog\/category\/comunidad\/\" rel=\"category tag\">Comunidad<\/a>","rttpg_excerpt":"El Servicio de Salud Chilo\u00e9, a trav\u00e9s de la referente pedi\u00e1trica doctora Amanda Contreras, reitera la importancia de la vacunaci\u00f3n contra la influenza, especialmente entre los grupos m\u00e1s vulnerables como..","_links":{"self":[{"href":"https:\/\/elconquistadorredloslagos.cl\/test\/wp-json\/wp\/v2\/posts\/9496","targetHints":{"allow":["GET"]}}],"collection":[{"href":"https:\/\/elconquistadorredloslagos.cl\/test\/wp-json\/wp\/v2\/posts"}],"about":[{"href":"https:\/\/elconquistadorredloslagos.cl\/test\/wp-json\/wp\/v2\/types\/post"}],"author":[{"embeddable":true,"href":"https:\/\/elconquistadorredloslagos.cl\/test\/wp-json\/wp\/v2\/users\/2"}],"replies":[{"embeddable":true,"href":"https:\/\/elconquistadorredloslagos.cl\/test\/wp-json\/wp\/v2\/comments?post=9496"}],"version-history":[{"count":1,"href":"https:\/\/elconquistadorredloslagos.cl\/test\/wp-json\/wp\/v2\/posts\/9496\/revisions"}],"predecessor-version":[{"id":9498,"href":"https:\/\/elconquistadorredloslagos.cl\/test\/wp-json\/wp\/v2\/posts\/9496\/revisions\/9498"}],"wp:featuredmedia":[{"embeddable":true,"href":"https:\/\/elconquistadorredloslagos.cl\/test\/wp-json\/wp\/v2\/media\/9497"}],"wp:attachment":[{"href":"https:\/\/elconquistadorredloslagos.cl\/test\/wp-json\/wp\/v2\/media?parent=9496"}],"wp:term":[{"taxonomy":"category","embeddable":true,"href":"https:\/\/elconquistadorredloslagos.cl\/test\/wp-json\/wp\/v2\/categories?post=9496"},{"taxonomy":"post_tag","embeddable":true,"href":"https:\/\/elconquistadorredloslagos.cl\/test\/wp-json\/wp\/v2\/tags?post=9496"}],"curies":[{"name":"wp","href":"https:\/\/api.w.org\/{rel}","templated":true}]}}