{"id":9488,"date":"2025-04-17T15:18:23","date_gmt":"2025-04-17T19:18:23","guid":{"rendered":"https:\/\/elconquistadorredloslagos.cl\/test\/?p=9488"},"modified":"2025-04-17T15:18:24","modified_gmt":"2025-04-17T19:18:24","slug":"momentos-de-tension-en-ancud-vecinos-agreden-a-presuntos-atacantes-de-joven-de-18-anos","status":"publish","type":"post","link":"https:\/\/elconquistadorredloslagos.cl\/test\/blog\/2025\/04\/17\/momentos-de-tension-en-ancud-vecinos-agreden-a-presuntos-atacantes-de-joven-de-18-anos\/","title":{"rendered":"Momentos de tensi\u00f3n en Ancud: vecinos agreden a presuntos atacantes de joven de 18 a\u00f1os"},"content":{"rendered":"\n<p>Un joven de 18 a\u00f1os sufri\u00f3 una grave lesi\u00f3n tras ser apu\u00f1alado en poblaci\u00f3n Padre Hurtado del populoso sector de Pudeto Bajo, en la comuna de Ancud. A pesar de la gravedad de la herida, su estado de salud no reviste riesgo vital.<\/p>\n\n\n\n<p>Los hechos tuvieron lugar durante la noche de este mi\u00e9rcoles, y la emergencia moviliz\u00f3 a efectivos de la Primera Comisar\u00eda de Carabineros, quienes respondieron a una denuncia que alertaba sobre una pelea en la que se habr\u00edan utilizado armas cortopunzantes. Al llegar al sitio del suceso, los vecinos se\u00f1alaron a los uniformados el lugar en donde se encontraban los presuntos responsables del ataque.<\/p>\n\n\n\n<p>Dentro del inmueble, Carabineros procedi\u00f3 a la detenci\u00f3n de dos individuos: una mujer de 28 a\u00f1os y un hombre de 40, ambos con antecedentes penales. Seg\u00fan informaci\u00f3n policial, la mujer manten\u00eda -adem\u00e1s- una orden de detenci\u00f3n vigente por el delito de microtr\u00e1fico, con requerimiento judicial para el cumplimiento de una sentencia pendiente.<\/p>\n\n\n\n<p>Durante el operativo, se generaron tensos momentos cuando un grupo de vecinos intent\u00f3 agredir a los detenidos en se\u00f1al de repudio por lo ocurrido. Producto del altercado, un carro policial sufri\u00f3 da\u00f1os y uno de los aprehendidos result\u00f3 con lesiones menores.<\/p>\n\n\n\n<p>Los dos detenidos fueron puestos a disposici\u00f3n del Juzgado de Garant\u00eda de Ancud durante la presente jornada, donde enfrentan cargos relacionados con el ataque.<\/p>\n\n\n\n<p>\ud83d\udcf7 Captura de video &#8211; Redes sociales<\/p>\n","protected":false},"excerpt":{"rendered":"<p>Un joven de 18 a\u00f1os sufri\u00f3 una grave lesi\u00f3n tras ser apu\u00f1alado en poblaci\u00f3n Padre Hurtado del populoso sector de Pudeto Bajo, en la comuna de Ancud. A pesar de..<\/p>\n","protected":false},"author":2,"featured_media":9489,"comment_status":"closed","ping_status":"open","sticky":false,"template":"","format":"standard","meta":{"footnotes":""},"categories":[1,28,26],"tags":[],"class_list":["post-9488","post","type-post","status-publish","format-standard","has-post-thumbnail","hentry","category-acontecer","category-actual","category-comunidad"],"rttpg_featured_image_url":{"full":["https:\/\/elconquistadorredloslagos.cl\/test\/wp-content\/uploads\/2025\/04\/img_100-3.jpg",1920,1080,false],"landscape":["https:\/\/elconquistadorredloslagos.cl\/test\/wp-content\/uploads\/2025\/04\/img_100-3.jpg",1920,1080,false],"portraits":["https:\/\/elconquistadorredloslagos.cl\/test\/wp-content\/uploads\/2025\/04\/img_100-3.jpg",1920,1080,false],"thumbnail":["https:\/\/elconquistadorredloslagos.cl\/test\/wp-content\/uploads\/2025\/04\/img_100-3-150x150.jpg",150,150,true],"medium":["https:\/\/elconquistadorredloslagos.cl\/test\/wp-content\/uploads\/2025\/04\/img_100-3-300x169.jpg",300,169,true],"large":["https:\/\/elconquistadorredloslagos.cl\/test\/wp-content\/uploads\/2025\/04\/img_100-3-1024x576.jpg",1024,576,true],"1536x1536":["https:\/\/elconquistadorredloslagos.cl\/test\/wp-content\/uploads\/2025\/04\/img_100-3-1536x864.jpg",1536,864,true],"2048x2048":["https:\/\/elconquistadorredloslagos.cl\/test\/wp-content\/uploads\/2025\/04\/img_100-3.jpg",1920,1080,false]},"rttpg_author":{"display_name":"ccardenas","author_link":"https:\/\/elconquistadorredloslagos.cl\/test\/blog\/author\/ccardenas\/"},"rttpg_comment":0,"rttpg_category":"<a href=\"https:\/\/elconquistadorredloslagos.cl\/test\/blog\/category\/actual\/acontecer\/\" rel=\"category tag\">Acontecer<\/a> <a href=\"https:\/\/elconquistadorredloslagos.cl\/test\/blog\/category\/actual\/\" rel=\"category tag\">Actualidad<\/a> <a href=\"https:\/\/elconquistadorredloslagos.cl\/test\/blog\/category\/comunidad\/\" rel=\"category tag\">Comunidad<\/a>","rttpg_excerpt":"Un joven de 18 a\u00f1os sufri\u00f3 una grave lesi\u00f3n tras ser apu\u00f1alado en poblaci\u00f3n Padre Hurtado del populoso sector de Pudeto Bajo, en la comuna de Ancud. A pesar de..","_links":{"self":[{"href":"https:\/\/elconquistadorredloslagos.cl\/test\/wp-json\/wp\/v2\/posts\/9488","targetHints":{"allow":["GET"]}}],"collection":[{"href":"https:\/\/elconquistadorredloslagos.cl\/test\/wp-json\/wp\/v2\/posts"}],"about":[{"href":"https:\/\/elconquistadorredloslagos.cl\/test\/wp-json\/wp\/v2\/types\/post"}],"author":[{"embeddable":true,"href":"https:\/\/elconquistadorredloslagos.cl\/test\/wp-json\/wp\/v2\/users\/2"}],"replies":[{"embeddable":true,"href":"https:\/\/elconquistadorredloslagos.cl\/test\/wp-json\/wp\/v2\/comments?post=9488"}],"version-history":[{"count":1,"href":"https:\/\/elconquistadorredloslagos.cl\/test\/wp-json\/wp\/v2\/posts\/9488\/revisions"}],"predecessor-version":[{"id":9490,"href":"https:\/\/elconquistadorredloslagos.cl\/test\/wp-json\/wp\/v2\/posts\/9488\/revisions\/9490"}],"wp:featuredmedia":[{"embeddable":true,"href":"https:\/\/elconquistadorredloslagos.cl\/test\/wp-json\/wp\/v2\/media\/9489"}],"wp:attachment":[{"href":"https:\/\/elconquistadorredloslagos.cl\/test\/wp-json\/wp\/v2\/media?parent=9488"}],"wp:term":[{"taxonomy":"category","embeddable":true,"href":"https:\/\/elconquistadorredloslagos.cl\/test\/wp-json\/wp\/v2\/categories?post=9488"},{"taxonomy":"post_tag","embeddable":true,"href":"https:\/\/elconquistadorredloslagos.cl\/test\/wp-json\/wp\/v2\/tags?post=9488"}],"curies":[{"name":"wp","href":"https:\/\/api.w.org\/{rel}","templated":true}]}}