{"id":9484,"date":"2025-04-17T14:46:05","date_gmt":"2025-04-17T18:46:05","guid":{"rendered":"https:\/\/elconquistadorredloslagos.cl\/test\/?p=9484"},"modified":"2025-04-17T15:36:39","modified_gmt":"2025-04-17T19:36:39","slug":"calen-contara-con-nueva-posta-rural-para-beneficiar-a-mas-de-600-personas","status":"publish","type":"post","link":"https:\/\/elconquistadorredloslagos.cl\/test\/blog\/2025\/04\/17\/calen-contara-con-nueva-posta-rural-para-beneficiar-a-mas-de-600-personas\/","title":{"rendered":"Calen contar\u00e1 con nueva Posta Rural para beneficiar a m\u00e1s de 600 personas"},"content":{"rendered":"\n<p>Con el objetivo de mejorar el acceso a la salud en sectores rurales aislados, este jueves se firm\u00f3 en Chilo\u00e9 el convenio entre el Gobierno Regional de Los Lagos y el Servicio de Salud Chilo\u00e9 para la construcci\u00f3n de una nueva Posta Rural en Calen, comuna de Dalcahue.<\/p>\n\n\n\n<p>La iniciativa, que contempla una inversi\u00f3n superior a los $1.200 millones, beneficiar\u00e1 directamente a m\u00e1s de 600 habitantes de Calen, San Juan y Colegual, comunidades donde predomina la poblaci\u00f3n adulta mayor y donde muchos j\u00f3venes han debido migrar en busca de mejores oportunidades.<\/p>\n\n\n\n<p>Durante la firma, el gobernador regional Alejandro Santana Tirachini destac\u00f3 el compromiso de su administraci\u00f3n con el fortalecimiento de la salud p\u00fablica rural.<br>\u201cLa salud es un derecho b\u00e1sico para la dignidad de las personas. Nuestro deber es acercar los servicios, acortar las brechas hist\u00f3ricas que afectan a los sectores m\u00e1s apartados y seguir trabajando para mejorar la calidad de vida en cada rinc\u00f3n de la regi\u00f3n\u201d, sostuvo la autoridad.<\/p>\n\n\n\n<p>Por su parte, la alcaldesa de Dalcahue, Alejandra Villegas, valor\u00f3 el apoyo del Gobierno Regional y subray\u00f3 la importancia de este avance para la comunidad.<br>\u201cEstamos cumpliendo un anhelo largamente esperado por nuestros vecinos y vecinas. La nueva posta permitir\u00e1 brindar una atenci\u00f3n m\u00e1s oportuna y digna, especialmente a nuestros adultos mayores, que merecen servicios de calidad cerca de sus hogares\u201d, expres\u00f3 la jefa comunal.<\/p>\n\n\n\n<p>La nueva infraestructura de salud forma parte de un trabajo conjunto entre la Ilustre Municipalidad de Dalcahue, el Gobierno Regional y el Servicio de Salud Chilo\u00e9, buscando dar respuesta a las necesidades reales de los territorios m\u00e1s apartados de la provincia.<\/p>\n\n\n\n<p>Se espera que las obras comiencen durante este a\u00f1o, marcando un hito en la atenci\u00f3n primaria rural de la comuna.<\/p>\n\n\n\n<figure class=\"wp-block-gallery has-nested-images columns-default is-cropped wp-block-gallery-1 is-layout-flex wp-block-gallery-is-layout-flex\">\n<figure class=\"wp-block-image size-large\"><img loading=\"lazy\" decoding=\"async\" width=\"1024\" height=\"682\" data-id=\"9486\" src=\"https:\/\/elconquistadorredloslagos.cl\/test\/wp-content\/uploads\/2025\/04\/WhatsApp-Image-2025-04-17-at-13.44.33-1024x682.jpeg\" alt=\"\" class=\"wp-image-9486\" \/><\/figure>\n<\/figure>\n","protected":false},"excerpt":{"rendered":"<p>Con el objetivo de mejorar el acceso a la salud en sectores rurales aislados, este jueves se firm\u00f3 en Chilo\u00e9 el convenio entre el Gobierno Regional de Los Lagos y..<\/p>\n","protected":false},"author":2,"featured_media":9495,"comment_status":"closed","ping_status":"open","sticky":false,"template":"","format":"standard","meta":{"footnotes":""},"categories":[1,28],"tags":[],"class_list":["post-9484","post","type-post","status-publish","format-standard","has-post-thumbnail","hentry","category-acontecer","category-actual"],"rttpg_featured_image_url":{"full":["https:\/\/elconquistadorredloslagos.cl\/test\/wp-content\/uploads\/2025\/04\/Diseno-sin-titulo-1-14.jpg",1920,1080,false],"landscape":["https:\/\/elconquistadorredloslagos.cl\/test\/wp-content\/uploads\/2025\/04\/Diseno-sin-titulo-1-14.jpg",1920,1080,false],"portraits":["https:\/\/elconquistadorredloslagos.cl\/test\/wp-content\/uploads\/2025\/04\/Diseno-sin-titulo-1-14.jpg",1920,1080,false],"thumbnail":["https:\/\/elconquistadorredloslagos.cl\/test\/wp-content\/uploads\/2025\/04\/Diseno-sin-titulo-1-14-150x150.jpg",150,150,true],"medium":["https:\/\/elconquistadorredloslagos.cl\/test\/wp-content\/uploads\/2025\/04\/Diseno-sin-titulo-1-14-300x169.jpg",300,169,true],"large":["https:\/\/elconquistadorredloslagos.cl\/test\/wp-content\/uploads\/2025\/04\/Diseno-sin-titulo-1-14-1024x576.jpg",1024,576,true],"1536x1536":["https:\/\/elconquistadorredloslagos.cl\/test\/wp-content\/uploads\/2025\/04\/Diseno-sin-titulo-1-14-1536x864.jpg",1536,864,true],"2048x2048":["https:\/\/elconquistadorredloslagos.cl\/test\/wp-content\/uploads\/2025\/04\/Diseno-sin-titulo-1-14.jpg",1920,1080,false]},"rttpg_author":{"display_name":"ccardenas","author_link":"https:\/\/elconquistadorredloslagos.cl\/test\/blog\/author\/ccardenas\/"},"rttpg_comment":0,"rttpg_category":"<a href=\"https:\/\/elconquistadorredloslagos.cl\/test\/blog\/category\/actual\/acontecer\/\" rel=\"category tag\">Acontecer<\/a> <a href=\"https:\/\/elconquistadorredloslagos.cl\/test\/blog\/category\/actual\/\" rel=\"category tag\">Actualidad<\/a>","rttpg_excerpt":"Con el objetivo de mejorar el acceso a la salud en sectores rurales aislados, este jueves se firm\u00f3 en Chilo\u00e9 el convenio entre el Gobierno Regional de Los Lagos y..","_links":{"self":[{"href":"https:\/\/elconquistadorredloslagos.cl\/test\/wp-json\/wp\/v2\/posts\/9484","targetHints":{"allow":["GET"]}}],"collection":[{"href":"https:\/\/elconquistadorredloslagos.cl\/test\/wp-json\/wp\/v2\/posts"}],"about":[{"href":"https:\/\/elconquistadorredloslagos.cl\/test\/wp-json\/wp\/v2\/types\/post"}],"author":[{"embeddable":true,"href":"https:\/\/elconquistadorredloslagos.cl\/test\/wp-json\/wp\/v2\/users\/2"}],"replies":[{"embeddable":true,"href":"https:\/\/elconquistadorredloslagos.cl\/test\/wp-json\/wp\/v2\/comments?post=9484"}],"version-history":[{"count":1,"href":"https:\/\/elconquistadorredloslagos.cl\/test\/wp-json\/wp\/v2\/posts\/9484\/revisions"}],"predecessor-version":[{"id":9487,"href":"https:\/\/elconquistadorredloslagos.cl\/test\/wp-json\/wp\/v2\/posts\/9484\/revisions\/9487"}],"wp:featuredmedia":[{"embeddable":true,"href":"https:\/\/elconquistadorredloslagos.cl\/test\/wp-json\/wp\/v2\/media\/9495"}],"wp:attachment":[{"href":"https:\/\/elconquistadorredloslagos.cl\/test\/wp-json\/wp\/v2\/media?parent=9484"}],"wp:term":[{"taxonomy":"category","embeddable":true,"href":"https:\/\/elconquistadorredloslagos.cl\/test\/wp-json\/wp\/v2\/categories?post=9484"},{"taxonomy":"post_tag","embeddable":true,"href":"https:\/\/elconquistadorredloslagos.cl\/test\/wp-json\/wp\/v2\/tags?post=9484"}],"curies":[{"name":"wp","href":"https:\/\/api.w.org\/{rel}","templated":true}]}}