{"id":947,"date":"2024-07-05T18:21:02","date_gmt":"2024-07-05T22:21:02","guid":{"rendered":"https:\/\/elconquistadorredloslagos.cl\/test\/?p=947"},"modified":"2024-07-05T18:21:03","modified_gmt":"2024-07-05T22:21:03","slug":"alcalde-juan-eduardo-vera-declara-la-guerra-a-la-delincuencia-y-anuncio-reforzamiento-de-un-ambicioso-plan-estrategico","status":"publish","type":"post","link":"https:\/\/elconquistadorredloslagos.cl\/test\/blog\/2024\/07\/05\/alcalde-juan-eduardo-vera-declara-la-guerra-a-la-delincuencia-y-anuncio-reforzamiento-de-un-ambicioso-plan-estrategico\/","title":{"rendered":"Alcalde Juan Eduardo Vera declara la \u201cguerra\u201d a la delincuencia y anunci\u00f3 reforzamiento de un ambicioso plan estrat\u00e9gico"},"content":{"rendered":"\n<p>En un contundente mensaje ante dirigentes sociales, el alcalde de Castro, Juan Eduardo Vera, declar\u00f3 \u201cla guerra a los delincuentes\u201d, subrayando la necesidad de que aquellos que optan por delinquir deben estar tras las rejas.<\/p>\n\n\n\n<p>El alcalde Vera destac\u00f3 y valor\u00f3 el arduo trabajo que se realiza en cada barrio de la comuna para combatir la delincuencia, enfatizando que este esfuerzo comunitario es esencial para el \u00e9xito del plan. En este contexto, anticip\u00f3 que el plan estrat\u00e9gico incluye la instalaci\u00f3n del 100 por ciento de c\u00e1maras de televigilancia de \u00faltima generaci\u00f3n, asegurando que toda la comuna estar\u00e1 monitorizada de manera permanente. \u00abEstas medidas permitir\u00e1n una respuesta r\u00e1pida y eficaz ante cualquier hecho delictivo\u00bb, afirm\u00f3 el alcalde.<\/p>\n\n\n\n<p>Adem\u00e1s, se\u00f1al\u00f3 que se fortalecer\u00e1 el trabajo colaborativo con Carabineros, la Polic\u00eda de Investigaciones (PDI) y la Fiscal\u00eda. Este enfoque integrado busca prevenir delitos y mejorar la coordinaci\u00f3n entre las diferentes instituciones encargadas de la seguridad p\u00fablica. \u00abNuestro objetivo es evitar cualquier hecho il\u00edcito antes de que ocurra, y para ello es crucial la cooperaci\u00f3n entre todas las fuerzas de seguridad\u00bb, asegur\u00f3 Vera.<\/p>\n","protected":false},"excerpt":{"rendered":"<p>En un contundente mensaje ante dirigentes sociales, el alcalde de Castro, Juan Eduardo Vera, declar\u00f3 \u201cla guerra a los delincuentes\u201d, subrayando la necesidad de que aquellos que optan por delinquir..<\/p>\n","protected":false},"author":2,"featured_media":949,"comment_status":"open","ping_status":"open","sticky":false,"template":"","format":"standard","meta":{"footnotes":""},"categories":[28],"tags":[],"class_list":["post-947","post","type-post","status-publish","format-standard","has-post-thumbnail","hentry","category-actual"],"rttpg_featured_image_url":{"full":["https:\/\/elconquistadorredloslagos.cl\/test\/wp-content\/uploads\/2024\/07\/ALCALDE-VERA-CON-DIRIGENTES.jpg",1600,900,false],"landscape":["https:\/\/elconquistadorredloslagos.cl\/test\/wp-content\/uploads\/2024\/07\/ALCALDE-VERA-CON-DIRIGENTES.jpg",1600,900,false],"portraits":["https:\/\/elconquistadorredloslagos.cl\/test\/wp-content\/uploads\/2024\/07\/ALCALDE-VERA-CON-DIRIGENTES.jpg",1600,900,false],"thumbnail":["https:\/\/elconquistadorredloslagos.cl\/test\/wp-content\/uploads\/2024\/07\/ALCALDE-VERA-CON-DIRIGENTES-150x150.jpg",150,150,true],"medium":["https:\/\/elconquistadorredloslagos.cl\/test\/wp-content\/uploads\/2024\/07\/ALCALDE-VERA-CON-DIRIGENTES-300x169.jpg",300,169,true],"large":["https:\/\/elconquistadorredloslagos.cl\/test\/wp-content\/uploads\/2024\/07\/ALCALDE-VERA-CON-DIRIGENTES-1024x576.jpg",1024,576,true],"1536x1536":["https:\/\/elconquistadorredloslagos.cl\/test\/wp-content\/uploads\/2024\/07\/ALCALDE-VERA-CON-DIRIGENTES-1536x864.jpg",1536,864,true],"2048x2048":["https:\/\/elconquistadorredloslagos.cl\/test\/wp-content\/uploads\/2024\/07\/ALCALDE-VERA-CON-DIRIGENTES.jpg",1600,900,false]},"rttpg_author":{"display_name":"ccardenas","author_link":"https:\/\/elconquistadorredloslagos.cl\/test\/blog\/author\/ccardenas\/"},"rttpg_comment":0,"rttpg_category":"<a href=\"https:\/\/elconquistadorredloslagos.cl\/test\/blog\/category\/actual\/\" rel=\"category tag\">Actualidad<\/a>","rttpg_excerpt":"En un contundente mensaje ante dirigentes sociales, el alcalde de Castro, Juan Eduardo Vera, declar\u00f3 \u201cla guerra a los delincuentes\u201d, subrayando la necesidad de que aquellos que optan por delinquir..","_links":{"self":[{"href":"https:\/\/elconquistadorredloslagos.cl\/test\/wp-json\/wp\/v2\/posts\/947","targetHints":{"allow":["GET"]}}],"collection":[{"href":"https:\/\/elconquistadorredloslagos.cl\/test\/wp-json\/wp\/v2\/posts"}],"about":[{"href":"https:\/\/elconquistadorredloslagos.cl\/test\/wp-json\/wp\/v2\/types\/post"}],"author":[{"embeddable":true,"href":"https:\/\/elconquistadorredloslagos.cl\/test\/wp-json\/wp\/v2\/users\/2"}],"replies":[{"embeddable":true,"href":"https:\/\/elconquistadorredloslagos.cl\/test\/wp-json\/wp\/v2\/comments?post=947"}],"version-history":[{"count":1,"href":"https:\/\/elconquistadorredloslagos.cl\/test\/wp-json\/wp\/v2\/posts\/947\/revisions"}],"predecessor-version":[{"id":950,"href":"https:\/\/elconquistadorredloslagos.cl\/test\/wp-json\/wp\/v2\/posts\/947\/revisions\/950"}],"wp:featuredmedia":[{"embeddable":true,"href":"https:\/\/elconquistadorredloslagos.cl\/test\/wp-json\/wp\/v2\/media\/949"}],"wp:attachment":[{"href":"https:\/\/elconquistadorredloslagos.cl\/test\/wp-json\/wp\/v2\/media?parent=947"}],"wp:term":[{"taxonomy":"category","embeddable":true,"href":"https:\/\/elconquistadorredloslagos.cl\/test\/wp-json\/wp\/v2\/categories?post=947"},{"taxonomy":"post_tag","embeddable":true,"href":"https:\/\/elconquistadorredloslagos.cl\/test\/wp-json\/wp\/v2\/tags?post=947"}],"curies":[{"name":"wp","href":"https:\/\/api.w.org\/{rel}","templated":true}]}}