{"id":944,"date":"2024-07-05T18:17:21","date_gmt":"2024-07-05T22:17:21","guid":{"rendered":"https:\/\/elconquistadorredloslagos.cl\/test\/?p=944"},"modified":"2024-07-05T18:17:21","modified_gmt":"2024-07-05T22:17:21","slug":"sector-publico-compromete-fuerte-apoyo-al-pacto-por-una-region-sostenible-e-inclusiva","status":"publish","type":"post","link":"https:\/\/elconquistadorredloslagos.cl\/test\/blog\/2024\/07\/05\/sector-publico-compromete-fuerte-apoyo-al-pacto-por-una-region-sostenible-e-inclusiva\/","title":{"rendered":"Sector p\u00fablico compromete fuerte apoyo al Pacto por una Regi\u00f3n Sostenible e Inclusiva"},"content":{"rendered":"\n<p>Un fuerte compromiso del sector p\u00fablico, para trabajar en conjunto con los privados, en el marco del Pacto por una Regi\u00f3n Sostenible e Inclusiva; fue el que se dio esta semana, en la reuni\u00f3n ampliada entre las gobernanzas de los sectores productivos y el gobernador regional Patricio Vallesp\u00edn y la delegada presidencial Giovanna Moreira.<\/p>\n\n\n\n<p>A la cita acudieron los presidentes y\/o vicepresidentes de las gobernanzas de los ocho sectores productivos comprometidos con esta in\u00e9dita alianza p\u00fablico-privada; y en la ocasi\u00f3n, expusieron sus inquietudes y grados de avance; a la vez que las autoridades comprometieron un trabajo conjunto; agendando reuniones con el sector p\u00fablico y sumando a los diversos actores del aparato del Estado, a esta gran tarea por la sostenibilidad y la inclusi\u00f3n.<\/p>\n\n\n\n<p>\u201cEste Pacto ha ido avanzando a paso firme, y lo que vemos hoy es el compromiso de los representantes de las gobernanzas, del sector privado, de los trabajadores, de las universidades\u201d, se\u00f1al\u00f3 la representante del Ejecutivo en la zona, Giovanna Moreira.<\/p>\n\n\n\n<p>En la misma l\u00ednea, el gestor de esta iniciativa, el Gobernador Regional Patricio Vallesp\u00edn, se\u00f1al\u00f3 que \u201ceste pacto ya es algo que trasciende los ciclos pol\u00edticos; es un instrumento que se pone a disposici\u00f3n del desarrollo de la regi\u00f3n, con el apoyo de la Universidad de Los Lagos, que, con todos sus profesionales juega un rol protag\u00f3nico al darle la consistencia t\u00e9cnica y anal\u00edtica al tema\u201d.<\/p>\n","protected":false},"excerpt":{"rendered":"<p>Un fuerte compromiso del sector p\u00fablico, para trabajar en conjunto con los privados, en el marco del Pacto por una Regi\u00f3n Sostenible e Inclusiva; fue el que se dio esta..<\/p>\n","protected":false},"author":2,"featured_media":945,"comment_status":"open","ping_status":"open","sticky":false,"template":"","format":"standard","meta":{"footnotes":""},"categories":[28],"tags":[],"class_list":["post-944","post","type-post","status-publish","format-standard","has-post-thumbnail","hentry","category-actual"],"rttpg_featured_image_url":{"full":["https:\/\/elconquistadorredloslagos.cl\/test\/wp-content\/uploads\/2024\/07\/Cristian-Parra.jpeg",1600,1066,false],"landscape":["https:\/\/elconquistadorredloslagos.cl\/test\/wp-content\/uploads\/2024\/07\/Cristian-Parra.jpeg",1600,1066,false],"portraits":["https:\/\/elconquistadorredloslagos.cl\/test\/wp-content\/uploads\/2024\/07\/Cristian-Parra.jpeg",1600,1066,false],"thumbnail":["https:\/\/elconquistadorredloslagos.cl\/test\/wp-content\/uploads\/2024\/07\/Cristian-Parra-150x150.jpeg",150,150,true],"medium":["https:\/\/elconquistadorredloslagos.cl\/test\/wp-content\/uploads\/2024\/07\/Cristian-Parra-300x200.jpeg",300,200,true],"large":["https:\/\/elconquistadorredloslagos.cl\/test\/wp-content\/uploads\/2024\/07\/Cristian-Parra-1024x682.jpeg",1024,682,true],"1536x1536":["https:\/\/elconquistadorredloslagos.cl\/test\/wp-content\/uploads\/2024\/07\/Cristian-Parra-1536x1023.jpeg",1536,1023,true],"2048x2048":["https:\/\/elconquistadorredloslagos.cl\/test\/wp-content\/uploads\/2024\/07\/Cristian-Parra.jpeg",1600,1066,false]},"rttpg_author":{"display_name":"ccardenas","author_link":"https:\/\/elconquistadorredloslagos.cl\/test\/blog\/author\/ccardenas\/"},"rttpg_comment":0,"rttpg_category":"<a href=\"https:\/\/elconquistadorredloslagos.cl\/test\/blog\/category\/actual\/\" rel=\"category tag\">Actualidad<\/a>","rttpg_excerpt":"Un fuerte compromiso del sector p\u00fablico, para trabajar en conjunto con los privados, en el marco del Pacto por una Regi\u00f3n Sostenible e Inclusiva; fue el que se dio esta..","_links":{"self":[{"href":"https:\/\/elconquistadorredloslagos.cl\/test\/wp-json\/wp\/v2\/posts\/944","targetHints":{"allow":["GET"]}}],"collection":[{"href":"https:\/\/elconquistadorredloslagos.cl\/test\/wp-json\/wp\/v2\/posts"}],"about":[{"href":"https:\/\/elconquistadorredloslagos.cl\/test\/wp-json\/wp\/v2\/types\/post"}],"author":[{"embeddable":true,"href":"https:\/\/elconquistadorredloslagos.cl\/test\/wp-json\/wp\/v2\/users\/2"}],"replies":[{"embeddable":true,"href":"https:\/\/elconquistadorredloslagos.cl\/test\/wp-json\/wp\/v2\/comments?post=944"}],"version-history":[{"count":1,"href":"https:\/\/elconquistadorredloslagos.cl\/test\/wp-json\/wp\/v2\/posts\/944\/revisions"}],"predecessor-version":[{"id":946,"href":"https:\/\/elconquistadorredloslagos.cl\/test\/wp-json\/wp\/v2\/posts\/944\/revisions\/946"}],"wp:featuredmedia":[{"embeddable":true,"href":"https:\/\/elconquistadorredloslagos.cl\/test\/wp-json\/wp\/v2\/media\/945"}],"wp:attachment":[{"href":"https:\/\/elconquistadorredloslagos.cl\/test\/wp-json\/wp\/v2\/media?parent=944"}],"wp:term":[{"taxonomy":"category","embeddable":true,"href":"https:\/\/elconquistadorredloslagos.cl\/test\/wp-json\/wp\/v2\/categories?post=944"},{"taxonomy":"post_tag","embeddable":true,"href":"https:\/\/elconquistadorredloslagos.cl\/test\/wp-json\/wp\/v2\/tags?post=944"}],"curies":[{"name":"wp","href":"https:\/\/api.w.org\/{rel}","templated":true}]}}