{"id":9406,"date":"2025-04-15T13:01:17","date_gmt":"2025-04-15T17:01:17","guid":{"rendered":"https:\/\/elconquistadorredloslagos.cl\/test\/?p=9406"},"modified":"2025-04-15T13:01:18","modified_gmt":"2025-04-15T17:01:18","slug":"gobierno-extiende-decreto-de-escasez-hidrica-en-chiloe-hasta-marzo-de-2026","status":"publish","type":"post","link":"https:\/\/elconquistadorredloslagos.cl\/test\/blog\/2025\/04\/15\/gobierno-extiende-decreto-de-escasez-hidrica-en-chiloe-hasta-marzo-de-2026\/","title":{"rendered":"Gobierno extiende decreto de escasez h\u00eddrica en Chilo\u00e9 hasta marzo de 2026"},"content":{"rendered":"\n<p>El Gobierno, a trav\u00e9s del Ministerio de Obras P\u00fablicas (MOP), oficializ\u00f3 la extensi\u00f3n por un a\u00f1o del decreto de escasez h\u00eddrica que afecta a la provincia de Chilo\u00e9, el cual estar\u00e1 vigente hasta el 15 de marzo de 2026.<\/p>\n\n\n\n<p>La medida se sustenta en el informe t\u00e9cnico emitido por la Direcci\u00f3n General de Aguas (DGA), que advierte que las condiciones de sequ\u00eda persisten en la zona, comprometiendo la disponibilidad del recurso h\u00eddrico.<\/p>\n\n\n\n<p>El decreto permite priorizar el uso del agua para consumo humano, riego agr\u00edcola y actividades productivas esenciales. Pese a que se han registrado algunas precipitaciones en el archipi\u00e9lago, estas no han sido suficientes para revertir los bajos niveles de reservas de agua, lo que justifica la pr\u00f3rroga de esta emergencia h\u00eddrica.<\/p>\n\n\n\n<p>El delegado presidencial provincial, Marcelo Malague\u00f1o, se refiri\u00f3 a la medida y subray\u00f3 que Chilo\u00e9 arrastra esta problem\u00e1tica desde hace varios a\u00f1os.<\/p>\n\n\n\n<figure class=\"wp-block-audio\"><audio controls src=\"https:\/\/elconquistadorredloslagos.cl\/test\/wp-content\/uploads\/2025\/04\/cuna-marcelo-malagueno.mp3\"><\/audio><\/figure>\n\n\n\n<p>Adem\u00e1s, destac\u00f3 que la provincia comparte este tipo de decretos con zonas tradicionalmente \u00e1ridas del pa\u00eds, como la regi\u00f3n de Coquimbo, perteneciente al Norte Chico.<\/p>\n","protected":false},"excerpt":{"rendered":"<p>El Gobierno, a trav\u00e9s del Ministerio de Obras P\u00fablicas (MOP), oficializ\u00f3 la extensi\u00f3n por un a\u00f1o del decreto de escasez h\u00eddrica que afecta a la provincia de Chilo\u00e9, el cual..<\/p>\n","protected":false},"author":2,"featured_media":9408,"comment_status":"closed","ping_status":"open","sticky":false,"template":"","format":"standard","meta":{"footnotes":""},"categories":[1,28,26],"tags":[],"class_list":["post-9406","post","type-post","status-publish","format-standard","has-post-thumbnail","hentry","category-acontecer","category-actual","category-comunidad"],"rttpg_featured_image_url":{"full":["https:\/\/elconquistadorredloslagos.cl\/test\/wp-content\/uploads\/2025\/04\/Diseno-sin-titulo-1-10.jpg",1920,1080,false],"landscape":["https:\/\/elconquistadorredloslagos.cl\/test\/wp-content\/uploads\/2025\/04\/Diseno-sin-titulo-1-10.jpg",1920,1080,false],"portraits":["https:\/\/elconquistadorredloslagos.cl\/test\/wp-content\/uploads\/2025\/04\/Diseno-sin-titulo-1-10.jpg",1920,1080,false],"thumbnail":["https:\/\/elconquistadorredloslagos.cl\/test\/wp-content\/uploads\/2025\/04\/Diseno-sin-titulo-1-10-150x150.jpg",150,150,true],"medium":["https:\/\/elconquistadorredloslagos.cl\/test\/wp-content\/uploads\/2025\/04\/Diseno-sin-titulo-1-10-300x169.jpg",300,169,true],"large":["https:\/\/elconquistadorredloslagos.cl\/test\/wp-content\/uploads\/2025\/04\/Diseno-sin-titulo-1-10-1024x576.jpg",1024,576,true],"1536x1536":["https:\/\/elconquistadorredloslagos.cl\/test\/wp-content\/uploads\/2025\/04\/Diseno-sin-titulo-1-10-1536x864.jpg",1536,864,true],"2048x2048":["https:\/\/elconquistadorredloslagos.cl\/test\/wp-content\/uploads\/2025\/04\/Diseno-sin-titulo-1-10.jpg",1920,1080,false]},"rttpg_author":{"display_name":"ccardenas","author_link":"https:\/\/elconquistadorredloslagos.cl\/test\/blog\/author\/ccardenas\/"},"rttpg_comment":0,"rttpg_category":"<a href=\"https:\/\/elconquistadorredloslagos.cl\/test\/blog\/category\/actual\/acontecer\/\" rel=\"category tag\">Acontecer<\/a> <a href=\"https:\/\/elconquistadorredloslagos.cl\/test\/blog\/category\/actual\/\" rel=\"category tag\">Actualidad<\/a> <a href=\"https:\/\/elconquistadorredloslagos.cl\/test\/blog\/category\/comunidad\/\" rel=\"category tag\">Comunidad<\/a>","rttpg_excerpt":"El Gobierno, a trav\u00e9s del Ministerio de Obras P\u00fablicas (MOP), oficializ\u00f3 la extensi\u00f3n por un a\u00f1o del decreto de escasez h\u00eddrica que afecta a la provincia de Chilo\u00e9, el cual..","_links":{"self":[{"href":"https:\/\/elconquistadorredloslagos.cl\/test\/wp-json\/wp\/v2\/posts\/9406","targetHints":{"allow":["GET"]}}],"collection":[{"href":"https:\/\/elconquistadorredloslagos.cl\/test\/wp-json\/wp\/v2\/posts"}],"about":[{"href":"https:\/\/elconquistadorredloslagos.cl\/test\/wp-json\/wp\/v2\/types\/post"}],"author":[{"embeddable":true,"href":"https:\/\/elconquistadorredloslagos.cl\/test\/wp-json\/wp\/v2\/users\/2"}],"replies":[{"embeddable":true,"href":"https:\/\/elconquistadorredloslagos.cl\/test\/wp-json\/wp\/v2\/comments?post=9406"}],"version-history":[{"count":1,"href":"https:\/\/elconquistadorredloslagos.cl\/test\/wp-json\/wp\/v2\/posts\/9406\/revisions"}],"predecessor-version":[{"id":9409,"href":"https:\/\/elconquistadorredloslagos.cl\/test\/wp-json\/wp\/v2\/posts\/9406\/revisions\/9409"}],"wp:featuredmedia":[{"embeddable":true,"href":"https:\/\/elconquistadorredloslagos.cl\/test\/wp-json\/wp\/v2\/media\/9408"}],"wp:attachment":[{"href":"https:\/\/elconquistadorredloslagos.cl\/test\/wp-json\/wp\/v2\/media?parent=9406"}],"wp:term":[{"taxonomy":"category","embeddable":true,"href":"https:\/\/elconquistadorredloslagos.cl\/test\/wp-json\/wp\/v2\/categories?post=9406"},{"taxonomy":"post_tag","embeddable":true,"href":"https:\/\/elconquistadorredloslagos.cl\/test\/wp-json\/wp\/v2\/tags?post=9406"}],"curies":[{"name":"wp","href":"https:\/\/api.w.org\/{rel}","templated":true}]}}