{"id":9399,"date":"2025-04-15T11:50:54","date_gmt":"2025-04-15T15:50:54","guid":{"rendered":"https:\/\/elconquistadorredloslagos.cl\/test\/?p=9399"},"modified":"2025-04-15T11:50:55","modified_gmt":"2025-04-15T15:50:55","slug":"especialistas-se-reunen-en-chiloe-para-actualizar-estrategias-contra-el-cancer-de-mama","status":"publish","type":"post","link":"https:\/\/elconquistadorredloslagos.cl\/test\/blog\/2025\/04\/15\/especialistas-se-reunen-en-chiloe-para-actualizar-estrategias-contra-el-cancer-de-mama\/","title":{"rendered":"Especialistas se re\u00fanen en Chilo\u00e9 para actualizar estrategias contra el c\u00e1ncer de mama"},"content":{"rendered":"\n<p>Con el objetivo de actualizar conocimientos sobre diagn\u00f3stico y tratamiento del c\u00e1ncer de mama, se realiz\u00f3 en Castro la XI Jornada de Avances en C\u00e1ncer de Mama, con la participaci\u00f3n de 17 especialistas y organizada por el Servicio Salud Chilo\u00e9, con apoyo de la Cl\u00ednica Alemana.<\/p>\n\n\n\n<p>Dirigida a profesionales y estudiantes del \u00e1rea de la salud, la jornada destac\u00f3 la importancia de la detecci\u00f3n precoz y del acceso equitativo al tratamiento.<\/p>\n\n\n\n<p>Se abordaron temas como cuidados paliativos, oncogeriatr\u00eda, terapias complementarias y reconstrucci\u00f3n mamaria.<\/p>\n\n\n\n<p>La matrona Ximena Navarro subray\u00f3 la necesidad de generar conciencia sobre el autocuidado y el valor de ex\u00e1menes preventivos. La Seremi de Salud de Los Lagos, Karin Sol\u00eds, reafirm\u00f3 el compromiso con la prevenci\u00f3n.<\/p>\n\n\n\n<p>Especialistas coincidieron en la relevancia de estas instancias para mejorar la calidad de vida de las pacientes y reducir el impacto del c\u00e1ncer de mama, que en 2022 sum\u00f3 5.640 nuevos casos en Chile.<\/p>\n\n\n\n<p><strong>CIFRAS<\/strong><\/p>\n\n\n\n<p>En Chile, cada d\u00eda fallecen 30 mujeres a causa de alg\u00fan tipo de c\u00e1ncer. En el 2022 se diagnosticaron 5.640 casos nuevos de c\u00e1ncer de mama. Una problem\u00e1tica de salud p\u00fablica que impuls\u00f3 a los profesionales de APS del Servicio Salud Chilo\u00e9 con la participaci\u00f3n de la SEREMI de los Lagos, a organizar una jornada de actualizaci\u00f3n de C\u00e1ncer de mama.<\/p>\n","protected":false},"excerpt":{"rendered":"<p>Con el objetivo de actualizar conocimientos sobre diagn\u00f3stico y tratamiento del c\u00e1ncer de mama, se realiz\u00f3 en Castro la XI Jornada de Avances en C\u00e1ncer de Mama, con la participaci\u00f3n..<\/p>\n","protected":false},"author":2,"featured_media":9401,"comment_status":"closed","ping_status":"open","sticky":false,"template":"","format":"standard","meta":{"footnotes":""},"categories":[1,28],"tags":[],"class_list":["post-9399","post","type-post","status-publish","format-standard","has-post-thumbnail","hentry","category-acontecer","category-actual"],"rttpg_featured_image_url":{"full":["https:\/\/elconquistadorredloslagos.cl\/test\/wp-content\/uploads\/2025\/04\/Diseno-sin-titulo-4-3.jpg",1920,1080,false],"landscape":["https:\/\/elconquistadorredloslagos.cl\/test\/wp-content\/uploads\/2025\/04\/Diseno-sin-titulo-4-3.jpg",1920,1080,false],"portraits":["https:\/\/elconquistadorredloslagos.cl\/test\/wp-content\/uploads\/2025\/04\/Diseno-sin-titulo-4-3.jpg",1920,1080,false],"thumbnail":["https:\/\/elconquistadorredloslagos.cl\/test\/wp-content\/uploads\/2025\/04\/Diseno-sin-titulo-4-3-150x150.jpg",150,150,true],"medium":["https:\/\/elconquistadorredloslagos.cl\/test\/wp-content\/uploads\/2025\/04\/Diseno-sin-titulo-4-3-300x169.jpg",300,169,true],"large":["https:\/\/elconquistadorredloslagos.cl\/test\/wp-content\/uploads\/2025\/04\/Diseno-sin-titulo-4-3-1024x576.jpg",1024,576,true],"1536x1536":["https:\/\/elconquistadorredloslagos.cl\/test\/wp-content\/uploads\/2025\/04\/Diseno-sin-titulo-4-3-1536x864.jpg",1536,864,true],"2048x2048":["https:\/\/elconquistadorredloslagos.cl\/test\/wp-content\/uploads\/2025\/04\/Diseno-sin-titulo-4-3.jpg",1920,1080,false]},"rttpg_author":{"display_name":"ccardenas","author_link":"https:\/\/elconquistadorredloslagos.cl\/test\/blog\/author\/ccardenas\/"},"rttpg_comment":0,"rttpg_category":"<a href=\"https:\/\/elconquistadorredloslagos.cl\/test\/blog\/category\/actual\/acontecer\/\" rel=\"category tag\">Acontecer<\/a> <a href=\"https:\/\/elconquistadorredloslagos.cl\/test\/blog\/category\/actual\/\" rel=\"category tag\">Actualidad<\/a>","rttpg_excerpt":"Con el objetivo de actualizar conocimientos sobre diagn\u00f3stico y tratamiento del c\u00e1ncer de mama, se realiz\u00f3 en Castro la XI Jornada de Avances en C\u00e1ncer de Mama, con la participaci\u00f3n..","_links":{"self":[{"href":"https:\/\/elconquistadorredloslagos.cl\/test\/wp-json\/wp\/v2\/posts\/9399","targetHints":{"allow":["GET"]}}],"collection":[{"href":"https:\/\/elconquistadorredloslagos.cl\/test\/wp-json\/wp\/v2\/posts"}],"about":[{"href":"https:\/\/elconquistadorredloslagos.cl\/test\/wp-json\/wp\/v2\/types\/post"}],"author":[{"embeddable":true,"href":"https:\/\/elconquistadorredloslagos.cl\/test\/wp-json\/wp\/v2\/users\/2"}],"replies":[{"embeddable":true,"href":"https:\/\/elconquistadorredloslagos.cl\/test\/wp-json\/wp\/v2\/comments?post=9399"}],"version-history":[{"count":1,"href":"https:\/\/elconquistadorredloslagos.cl\/test\/wp-json\/wp\/v2\/posts\/9399\/revisions"}],"predecessor-version":[{"id":9402,"href":"https:\/\/elconquistadorredloslagos.cl\/test\/wp-json\/wp\/v2\/posts\/9399\/revisions\/9402"}],"wp:featuredmedia":[{"embeddable":true,"href":"https:\/\/elconquistadorredloslagos.cl\/test\/wp-json\/wp\/v2\/media\/9401"}],"wp:attachment":[{"href":"https:\/\/elconquistadorredloslagos.cl\/test\/wp-json\/wp\/v2\/media?parent=9399"}],"wp:term":[{"taxonomy":"category","embeddable":true,"href":"https:\/\/elconquistadorredloslagos.cl\/test\/wp-json\/wp\/v2\/categories?post=9399"},{"taxonomy":"post_tag","embeddable":true,"href":"https:\/\/elconquistadorredloslagos.cl\/test\/wp-json\/wp\/v2\/tags?post=9399"}],"curies":[{"name":"wp","href":"https:\/\/api.w.org\/{rel}","templated":true}]}}