{"id":9391,"date":"2025-04-15T10:58:22","date_gmt":"2025-04-15T14:58:22","guid":{"rendered":"https:\/\/elconquistadorredloslagos.cl\/test\/?p=9391"},"modified":"2025-04-15T11:46:45","modified_gmt":"2025-04-15T15:46:45","slug":"nuevo-hospital-de-queilen-alcanza-un-99-de-avance-fisico-y-se-prepara-para-su-puesta-en-marcha","status":"publish","type":"post","link":"https:\/\/elconquistadorredloslagos.cl\/test\/blog\/2025\/04\/15\/nuevo-hospital-de-queilen-alcanza-un-99-de-avance-fisico-y-se-prepara-para-su-puesta-en-marcha\/","title":{"rendered":"Nuevo Hospital de Queilen alcanza un 99% de avance f\u00edsico y se prepara para su puesta en marcha"},"content":{"rendered":"\n<p>Con un 99% de avance f\u00edsico, el nuevo Hospital de Queilen entra en su etapa final conforme al cronograma establecido, as\u00ed lo dio a conocer la directora del Servicio de Salud Chilo\u00e9, Marcela C\u00e1rcamo, quien destac\u00f3 que actualmente, se encuentra en proceso de puesta en marcha y pre recepci\u00f3n de obras, adem\u00e1s del avance paralelo en la adquisici\u00f3n de equipos y equipamiento m\u00e9dico de \u00faltima generaci\u00f3n.<\/p>\n\n\n\n<p>Las obras, que se ejecutan en calle Ren\u00e9 C\u00e1rcamo #355, forman parte del Plan de Inversiones e Infraestructura en Salud que lidera el Servicio de Salud Chilo\u00e9, orientado a fortalecer la red p\u00fablica y dignificar tanto la atenci\u00f3n de los usuarios como el entorno laboral de los funcionarios y funcionarias de salud.<\/p>\n\n\n\n<p>Al respecto, el director del establecimiento de salud, Fabi\u00e1n Barrientos, destac\u00f3 la importancia del avance del recinto.<\/p>\n\n\n\n<figure class=\"wp-block-audio\"><audio controls src=\"https:\/\/elconquistadorredloslagos.cl\/test\/wp-content\/uploads\/2025\/04\/WhatsApp-Audio-2025-04-14-at-17.51.48-online-audio-converter.com_.mp3\"><\/audio><\/figure>\n\n\n\n<p> El nuevo hospital de medicina familiar considera medicina ambulatoria, hospitalizaci\u00f3n, imagenolog\u00eda, apoyo diagn\u00f3stico, rehabilitaci\u00f3n y salud mental, lo que significa un tremendo aporte a la comunidad de Queilen.<\/p>\n\n\n\n<p>Como Servicio de Salud, explic\u00f3 Marcela C\u00e1rcamo, estamos comprometidos con mejorar las condiciones en que se brinda atenci\u00f3n en nuestra red, y este hospital es un ejemplo concreto de c\u00f3mo estamos avanzando en infraestructura de calidad y m\u00e1s humana para los m\u00e1s de 5.500 usuarios y usuarias del territorio. La ejecuci\u00f3n de la obra est\u00e1 a cargo de la empresa M\u00f6ller y P\u00e9rez-Cotapos S.A., y contempla una superficie total de 4.548 metros cuadrados, distribuidos en diversas \u00e1reas cl\u00ednicas y de apoyo, entre ellas, atenci\u00f3n abierta con 453 metros cuadrados; atenci\u00f3n cerrada con 317 metros cuadrados; servicio de urgencia con 364 metros cuadrados; administraci\u00f3n con 377 metros cuadrados, rehabilitaci\u00f3n con 105 metros cuadrados, apoyo diagn\u00f3stico y terap\u00e9utico con 216 metros cuadrados y apoyo log\u00edstico con 636 metros cuadrados.<\/p>\n\n\n\n<p>El nuevo recinto contar\u00e1, adem\u00e1s, con una sala de procedimientos, un \u00e1rea de imagenolog\u00eda con sala de Rayos X osteopulmonar, y 8 camas indiferenciadas para hospitalizaci\u00f3n, lo que permitir\u00e1 mejorar significativamente la capacidad de respuesta frente a las necesidades de salud de la poblaci\u00f3n local.<\/p>\n\n\n\n<p>El proceso de equipamiento m\u00e9dico incluye su instalaci\u00f3n directa en obra, asegurando que cada unidad cuente con tecnolog\u00eda de alto nivel para entregar una atenci\u00f3n oportuna, resolutiva y cercana.<\/p>\n","protected":false},"excerpt":{"rendered":"<p>Con un 99% de avance f\u00edsico, el nuevo Hospital de Queilen entra en su etapa final conforme al cronograma establecido, as\u00ed lo dio a conocer la directora del Servicio de..<\/p>\n","protected":false},"author":2,"featured_media":9393,"comment_status":"closed","ping_status":"open","sticky":false,"template":"","format":"standard","meta":{"footnotes":""},"categories":[1,28],"tags":[],"class_list":["post-9391","post","type-post","status-publish","format-standard","has-post-thumbnail","hentry","category-acontecer","category-actual"],"rttpg_featured_image_url":{"full":["https:\/\/elconquistadorredloslagos.cl\/test\/wp-content\/uploads\/2025\/04\/Diseno-sin-titulo-3-4.jpg",1920,1080,false],"landscape":["https:\/\/elconquistadorredloslagos.cl\/test\/wp-content\/uploads\/2025\/04\/Diseno-sin-titulo-3-4.jpg",1920,1080,false],"portraits":["https:\/\/elconquistadorredloslagos.cl\/test\/wp-content\/uploads\/2025\/04\/Diseno-sin-titulo-3-4.jpg",1920,1080,false],"thumbnail":["https:\/\/elconquistadorredloslagos.cl\/test\/wp-content\/uploads\/2025\/04\/Diseno-sin-titulo-3-4-150x150.jpg",150,150,true],"medium":["https:\/\/elconquistadorredloslagos.cl\/test\/wp-content\/uploads\/2025\/04\/Diseno-sin-titulo-3-4-300x169.jpg",300,169,true],"large":["https:\/\/elconquistadorredloslagos.cl\/test\/wp-content\/uploads\/2025\/04\/Diseno-sin-titulo-3-4-1024x576.jpg",1024,576,true],"1536x1536":["https:\/\/elconquistadorredloslagos.cl\/test\/wp-content\/uploads\/2025\/04\/Diseno-sin-titulo-3-4-1536x864.jpg",1536,864,true],"2048x2048":["https:\/\/elconquistadorredloslagos.cl\/test\/wp-content\/uploads\/2025\/04\/Diseno-sin-titulo-3-4.jpg",1920,1080,false]},"rttpg_author":{"display_name":"ccardenas","author_link":"https:\/\/elconquistadorredloslagos.cl\/test\/blog\/author\/ccardenas\/"},"rttpg_comment":0,"rttpg_category":"<a href=\"https:\/\/elconquistadorredloslagos.cl\/test\/blog\/category\/actual\/acontecer\/\" rel=\"category tag\">Acontecer<\/a> <a href=\"https:\/\/elconquistadorredloslagos.cl\/test\/blog\/category\/actual\/\" rel=\"category tag\">Actualidad<\/a>","rttpg_excerpt":"Con un 99% de avance f\u00edsico, el nuevo Hospital de Queilen entra en su etapa final conforme al cronograma establecido, as\u00ed lo dio a conocer la directora del Servicio de..","_links":{"self":[{"href":"https:\/\/elconquistadorredloslagos.cl\/test\/wp-json\/wp\/v2\/posts\/9391","targetHints":{"allow":["GET"]}}],"collection":[{"href":"https:\/\/elconquistadorredloslagos.cl\/test\/wp-json\/wp\/v2\/posts"}],"about":[{"href":"https:\/\/elconquistadorredloslagos.cl\/test\/wp-json\/wp\/v2\/types\/post"}],"author":[{"embeddable":true,"href":"https:\/\/elconquistadorredloslagos.cl\/test\/wp-json\/wp\/v2\/users\/2"}],"replies":[{"embeddable":true,"href":"https:\/\/elconquistadorredloslagos.cl\/test\/wp-json\/wp\/v2\/comments?post=9391"}],"version-history":[{"count":2,"href":"https:\/\/elconquistadorredloslagos.cl\/test\/wp-json\/wp\/v2\/posts\/9391\/revisions"}],"predecessor-version":[{"id":9400,"href":"https:\/\/elconquistadorredloslagos.cl\/test\/wp-json\/wp\/v2\/posts\/9391\/revisions\/9400"}],"wp:featuredmedia":[{"embeddable":true,"href":"https:\/\/elconquistadorredloslagos.cl\/test\/wp-json\/wp\/v2\/media\/9393"}],"wp:attachment":[{"href":"https:\/\/elconquistadorredloslagos.cl\/test\/wp-json\/wp\/v2\/media?parent=9391"}],"wp:term":[{"taxonomy":"category","embeddable":true,"href":"https:\/\/elconquistadorredloslagos.cl\/test\/wp-json\/wp\/v2\/categories?post=9391"},{"taxonomy":"post_tag","embeddable":true,"href":"https:\/\/elconquistadorredloslagos.cl\/test\/wp-json\/wp\/v2\/tags?post=9391"}],"curies":[{"name":"wp","href":"https:\/\/api.w.org\/{rel}","templated":true}]}}