{"id":8381,"date":"2025-03-17T17:11:11","date_gmt":"2025-03-17T20:11:11","guid":{"rendered":"https:\/\/elconquistadorredloslagos.cl\/test\/?p=8381"},"modified":"2025-03-17T17:11:12","modified_gmt":"2025-03-17T20:11:12","slug":"contraloria-capacita-a-funcionarios-del-gore-los-lagos-en-probidad-y-rendicion-de-cuentas","status":"publish","type":"post","link":"https:\/\/elconquistadorredloslagos.cl\/test\/blog\/2025\/03\/17\/contraloria-capacita-a-funcionarios-del-gore-los-lagos-en-probidad-y-rendicion-de-cuentas\/","title":{"rendered":"Contralor\u00eda capacita a funcionarios del GORE Los Lagos en probidad y rendici\u00f3n de cuentas"},"content":{"rendered":"\n<p>En respuesta a la solicitud realizada por el Gobernador Alejandro Santana, la Contralor\u00eda Regional llev\u00f3 a cabo una capacitaci\u00f3n dirigida a funcionarios del Gobierno Regional sobre probidad y rendici\u00f3n de cuentas. En esta instancia, cerca de 100 funcionarios pudieron conocer las recientes actualizaciones aplicadas por la Contralor\u00eda en dos materias fundamentales para el desempe\u00f1o de cualquier servicio p\u00fablico del pa\u00eds.<\/p>\n\n\n\n<p>Durante la jornada, el equipo de la Contralor\u00eda respondi\u00f3 a las consultas de los profesionales de las distintas divisiones del Gobierno Regional, brindando informaci\u00f3n clave para la correcta aplicaci\u00f3n de las normativas vigentes. Al respecto, el Gobernador Santana destac\u00f3 el compromiso de su administraci\u00f3n con la probidad y la rendici\u00f3n de cuentas, as\u00ed como con el cumplimiento de los procesos administrativos establecidos para los organismos p\u00fablicos.<\/p>\n\n\n\n<figure class=\"wp-block-audio\"><audio controls src=\"https:\/\/elconquistadorredloslagos.cl\/test\/wp-content\/uploads\/2025\/03\/CUNA-SANTANA-4.mp3\"><\/audio><\/figure>\n\n\n\n<p>En cuanto al desarrollo de este tipo de iniciativas, el Gobernador inform\u00f3 que esta capacitaci\u00f3n es solo el inicio de un plan formativo establecido para el a\u00f1o 2025. Dicho plan contempla la participaci\u00f3n de la Contralor\u00eda y de otros organismos que colaboran con el Gobierno Regional en la mejora continua de la gesti\u00f3n p\u00fablica.<\/p>\n","protected":false},"excerpt":{"rendered":"<p>En respuesta a la solicitud realizada por el Gobernador Alejandro Santana, la Contralor\u00eda Regional llev\u00f3 a cabo una capacitaci\u00f3n dirigida a funcionarios del Gobierno Regional sobre probidad y rendici\u00f3n de..<\/p>\n","protected":false},"author":2,"featured_media":8383,"comment_status":"closed","ping_status":"open","sticky":false,"template":"","format":"standard","meta":{"footnotes":""},"categories":[1,28,38],"tags":[],"class_list":["post-8381","post","type-post","status-publish","format-standard","has-post-thumbnail","hentry","category-acontecer","category-actual","category-politica"],"rttpg_featured_image_url":{"full":["https:\/\/elconquistadorredloslagos.cl\/test\/wp-content\/uploads\/2025\/03\/img_-11.jpg",1920,1080,false],"landscape":["https:\/\/elconquistadorredloslagos.cl\/test\/wp-content\/uploads\/2025\/03\/img_-11.jpg",1920,1080,false],"portraits":["https:\/\/elconquistadorredloslagos.cl\/test\/wp-content\/uploads\/2025\/03\/img_-11.jpg",1920,1080,false],"thumbnail":["https:\/\/elconquistadorredloslagos.cl\/test\/wp-content\/uploads\/2025\/03\/img_-11-150x150.jpg",150,150,true],"medium":["https:\/\/elconquistadorredloslagos.cl\/test\/wp-content\/uploads\/2025\/03\/img_-11-300x169.jpg",300,169,true],"large":["https:\/\/elconquistadorredloslagos.cl\/test\/wp-content\/uploads\/2025\/03\/img_-11-1024x576.jpg",1024,576,true],"1536x1536":["https:\/\/elconquistadorredloslagos.cl\/test\/wp-content\/uploads\/2025\/03\/img_-11-1536x864.jpg",1536,864,true],"2048x2048":["https:\/\/elconquistadorredloslagos.cl\/test\/wp-content\/uploads\/2025\/03\/img_-11.jpg",1920,1080,false]},"rttpg_author":{"display_name":"ccardenas","author_link":"https:\/\/elconquistadorredloslagos.cl\/test\/blog\/author\/ccardenas\/"},"rttpg_comment":0,"rttpg_category":"<a href=\"https:\/\/elconquistadorredloslagos.cl\/test\/blog\/category\/actual\/acontecer\/\" rel=\"category tag\">Acontecer<\/a> <a href=\"https:\/\/elconquistadorredloslagos.cl\/test\/blog\/category\/actual\/\" rel=\"category tag\">Actualidad<\/a> <a href=\"https:\/\/elconquistadorredloslagos.cl\/test\/blog\/category\/actual\/politica\/\" rel=\"category tag\">Politica<\/a>","rttpg_excerpt":"En respuesta a la solicitud realizada por el Gobernador Alejandro Santana, la Contralor\u00eda Regional llev\u00f3 a cabo una capacitaci\u00f3n dirigida a funcionarios del Gobierno Regional sobre probidad y rendici\u00f3n de..","_links":{"self":[{"href":"https:\/\/elconquistadorredloslagos.cl\/test\/wp-json\/wp\/v2\/posts\/8381","targetHints":{"allow":["GET"]}}],"collection":[{"href":"https:\/\/elconquistadorredloslagos.cl\/test\/wp-json\/wp\/v2\/posts"}],"about":[{"href":"https:\/\/elconquistadorredloslagos.cl\/test\/wp-json\/wp\/v2\/types\/post"}],"author":[{"embeddable":true,"href":"https:\/\/elconquistadorredloslagos.cl\/test\/wp-json\/wp\/v2\/users\/2"}],"replies":[{"embeddable":true,"href":"https:\/\/elconquistadorredloslagos.cl\/test\/wp-json\/wp\/v2\/comments?post=8381"}],"version-history":[{"count":1,"href":"https:\/\/elconquistadorredloslagos.cl\/test\/wp-json\/wp\/v2\/posts\/8381\/revisions"}],"predecessor-version":[{"id":8384,"href":"https:\/\/elconquistadorredloslagos.cl\/test\/wp-json\/wp\/v2\/posts\/8381\/revisions\/8384"}],"wp:featuredmedia":[{"embeddable":true,"href":"https:\/\/elconquistadorredloslagos.cl\/test\/wp-json\/wp\/v2\/media\/8383"}],"wp:attachment":[{"href":"https:\/\/elconquistadorredloslagos.cl\/test\/wp-json\/wp\/v2\/media?parent=8381"}],"wp:term":[{"taxonomy":"category","embeddable":true,"href":"https:\/\/elconquistadorredloslagos.cl\/test\/wp-json\/wp\/v2\/categories?post=8381"},{"taxonomy":"post_tag","embeddable":true,"href":"https:\/\/elconquistadorredloslagos.cl\/test\/wp-json\/wp\/v2\/tags?post=8381"}],"curies":[{"name":"wp","href":"https:\/\/api.w.org\/{rel}","templated":true}]}}