{"id":8377,"date":"2025-03-17T17:04:26","date_gmt":"2025-03-17T20:04:26","guid":{"rendered":"https:\/\/elconquistadorredloslagos.cl\/test\/?p=8377"},"modified":"2025-03-26T16:18:37","modified_gmt":"2025-03-26T19:18:37","slug":"explican-posible-causa-tras-impactante-accidente-que-dejo-un-nuevo-fallecido-en-ancud","status":"publish","type":"post","link":"https:\/\/elconquistadorredloslagos.cl\/test\/blog\/2025\/03\/17\/explican-posible-causa-tras-impactante-accidente-que-dejo-un-nuevo-fallecido-en-ancud\/","title":{"rendered":"Explican posible causa tras impactante accidente que dej\u00f3 un nuevo fallecido en Ancud"},"content":{"rendered":"\n<p>Nuevamente un siniestro vial se tom\u00f3 la Cr\u00f3nica Roja en Chilo\u00e9 durante este \u00faltimo fin de semana. En esta oportunidad un cami\u00f3n volc\u00f3 en el sector de Tehuaco en la comuna de Ancud, espec\u00edficamente en la ruta W-220 a la altura del kil\u00f3metro 9, seg\u00fan la informaci\u00f3n entregada por Carabineros.<\/p>\n\n\n\n<p>En esta ocasi\u00f3n la v\u00edctima fue un reconocido vecino y destacado dirigente social, identificado como Francisco Eduv\u00edn Altamirano Caucam\u00e1n de 62 a\u00f1os. Hasta el lugar de los fatales acontecimientos arrib\u00f3 personal del Servicio de Atenci\u00f3n M\u00e9dico de Urgencias (SAMU), Bomberos, Carabineros y Servicio M\u00e9dico Legal (SML).<\/p>\n\n\n\n<p>Detalles de lo ocurrido fueron comentados por la capitana Mar\u00eda Fernanda Aspe, jefa de la Unidad de Investigaci\u00f3n de Accidentes de Tr\u00e1nsito (UIAT) de Chilo\u00e9.<\/p>\n\n\n\n<figure class=\"wp-block-audio\"><audio controls src=\"https:\/\/elconquistadorredloslagos.cl\/test\/wp-content\/uploads\/2025\/03\/CUNA-CAPITANA-ASPEE.mp3\"><\/audio><\/figure>\n\n\n\n<p>El alcalde Andr\u00e9s Ojeda y el concejo municipal de Ancud, expresaron tambi\u00e9n sus sentimientos de pesar ante el tr\u00e1gico fallecimiento del este destacado vecino. El n\u00famero de fallecido en Chilo\u00e9 por accidentes de tr\u00e1nsito se eleva a 11 con este deceso.<\/p>\n\n\n\n<p>\ud83d\udcf7Referencial<\/p>\n","protected":false},"excerpt":{"rendered":"<p>Nuevamente un siniestro vial se tom\u00f3 la Cr\u00f3nica Roja en Chilo\u00e9 durante este \u00faltimo fin de semana. En esta oportunidad un cami\u00f3n volc\u00f3 en el sector de Tehuaco en la..<\/p>\n","protected":false},"author":2,"featured_media":8379,"comment_status":"closed","ping_status":"open","sticky":false,"template":"","format":"standard","meta":{"footnotes":""},"categories":[1,28,26],"tags":[],"class_list":["post-8377","post","type-post","status-publish","format-standard","has-post-thumbnail","hentry","category-acontecer","category-actual","category-comunidad"],"rttpg_featured_image_url":{"full":["https:\/\/elconquistadorredloslagos.cl\/test\/wp-content\/uploads\/2025\/03\/img_-10.jpg",1920,1080,false],"landscape":["https:\/\/elconquistadorredloslagos.cl\/test\/wp-content\/uploads\/2025\/03\/img_-10.jpg",1920,1080,false],"portraits":["https:\/\/elconquistadorredloslagos.cl\/test\/wp-content\/uploads\/2025\/03\/img_-10.jpg",1920,1080,false],"thumbnail":["https:\/\/elconquistadorredloslagos.cl\/test\/wp-content\/uploads\/2025\/03\/img_-10-150x150.jpg",150,150,true],"medium":["https:\/\/elconquistadorredloslagos.cl\/test\/wp-content\/uploads\/2025\/03\/img_-10-300x169.jpg",300,169,true],"large":["https:\/\/elconquistadorredloslagos.cl\/test\/wp-content\/uploads\/2025\/03\/img_-10-1024x576.jpg",1024,576,true],"1536x1536":["https:\/\/elconquistadorredloslagos.cl\/test\/wp-content\/uploads\/2025\/03\/img_-10-1536x864.jpg",1536,864,true],"2048x2048":["https:\/\/elconquistadorredloslagos.cl\/test\/wp-content\/uploads\/2025\/03\/img_-10.jpg",1920,1080,false]},"rttpg_author":{"display_name":"ccardenas","author_link":"https:\/\/elconquistadorredloslagos.cl\/test\/blog\/author\/ccardenas\/"},"rttpg_comment":0,"rttpg_category":"<a href=\"https:\/\/elconquistadorredloslagos.cl\/test\/blog\/category\/actual\/acontecer\/\" rel=\"category tag\">Acontecer<\/a> <a href=\"https:\/\/elconquistadorredloslagos.cl\/test\/blog\/category\/actual\/\" rel=\"category tag\">Actualidad<\/a> <a href=\"https:\/\/elconquistadorredloslagos.cl\/test\/blog\/category\/comunidad\/\" rel=\"category tag\">Comunidad<\/a>","rttpg_excerpt":"Nuevamente un siniestro vial se tom\u00f3 la Cr\u00f3nica Roja en Chilo\u00e9 durante este \u00faltimo fin de semana. En esta oportunidad un cami\u00f3n volc\u00f3 en el sector de Tehuaco en la..","_links":{"self":[{"href":"https:\/\/elconquistadorredloslagos.cl\/test\/wp-json\/wp\/v2\/posts\/8377","targetHints":{"allow":["GET"]}}],"collection":[{"href":"https:\/\/elconquistadorredloslagos.cl\/test\/wp-json\/wp\/v2\/posts"}],"about":[{"href":"https:\/\/elconquistadorredloslagos.cl\/test\/wp-json\/wp\/v2\/types\/post"}],"author":[{"embeddable":true,"href":"https:\/\/elconquistadorredloslagos.cl\/test\/wp-json\/wp\/v2\/users\/2"}],"replies":[{"embeddable":true,"href":"https:\/\/elconquistadorredloslagos.cl\/test\/wp-json\/wp\/v2\/comments?post=8377"}],"version-history":[{"count":2,"href":"https:\/\/elconquistadorredloslagos.cl\/test\/wp-json\/wp\/v2\/posts\/8377\/revisions"}],"predecessor-version":[{"id":8665,"href":"https:\/\/elconquistadorredloslagos.cl\/test\/wp-json\/wp\/v2\/posts\/8377\/revisions\/8665"}],"wp:featuredmedia":[{"embeddable":true,"href":"https:\/\/elconquistadorredloslagos.cl\/test\/wp-json\/wp\/v2\/media\/8379"}],"wp:attachment":[{"href":"https:\/\/elconquistadorredloslagos.cl\/test\/wp-json\/wp\/v2\/media?parent=8377"}],"wp:term":[{"taxonomy":"category","embeddable":true,"href":"https:\/\/elconquistadorredloslagos.cl\/test\/wp-json\/wp\/v2\/categories?post=8377"},{"taxonomy":"post_tag","embeddable":true,"href":"https:\/\/elconquistadorredloslagos.cl\/test\/wp-json\/wp\/v2\/tags?post=8377"}],"curies":[{"name":"wp","href":"https:\/\/api.w.org\/{rel}","templated":true}]}}