{"id":8367,"date":"2025-03-17T14:34:03","date_gmt":"2025-03-17T17:34:03","guid":{"rendered":"https:\/\/elconquistadorredloslagos.cl\/test\/?p=8367"},"modified":"2025-03-17T14:34:03","modified_gmt":"2025-03-17T17:34:03","slug":"impulsan-campana-de-inmunizacion-en-ancud","status":"publish","type":"post","link":"https:\/\/elconquistadorredloslagos.cl\/test\/blog\/2025\/03\/17\/impulsan-campana-de-inmunizacion-en-ancud\/","title":{"rendered":"Impulsan campa\u00f1a de inmunizaci\u00f3n en Ancud"},"content":{"rendered":"\n<p>Siempre en materia de salud y con el objetivo de proteger a la poblaci\u00f3n local frente a los virus respiratorios que aumentan en la temporada invernal, se impuls\u00f3 en Ancud la campa\u00f1a de vacunaci\u00f3n e inmunizaci\u00f3n 2025. En la oportunidad se asegur\u00f3 que la vacunaci\u00f3n es la mejor estrategia para prevenir enfermedades y mantener una buena salud, principalmente de los grupos de riesgo.<\/p>\n\n\n\n<p>La directora del Servicio de Salud Chilo\u00e9, Marcela C\u00e1rcamo, destac\u00f3 la importancia de esta campa\u00f1a anticipada.<\/p>\n\n\n\n<figure class=\"wp-block-audio\"><audio controls src=\"https:\/\/elconquistadorredloslagos.cl\/test\/wp-content\/uploads\/2025\/03\/CUNA-MARCELA-CARCAMO-CAMPANA.mp3\"><\/audio><\/figure>\n\n\n\n<p>La campa\u00f1a est\u00e1 enfocada en la protecci\u00f3n de los grupos vulnerables, pero tambi\u00e9n se ha ampliado para incluir a otros sectores de la poblaci\u00f3n, lo que refleja el compromiso de las autoridades por garantizar una cobertura de salud universal y gratuita para todos y todas. As\u00ed lo enfatiz\u00f3 Ximena Bohle, directora de Atenci\u00f3n Primaria de Salud (APS) del Servicio de Salud Chilo\u00e9.<\/p>\n\n\n\n<figure class=\"wp-block-audio\"><audio controls src=\"https:\/\/elconquistadorredloslagos.cl\/test\/wp-content\/uploads\/2025\/03\/CUNA-XIMENA-BOHLE.mp3\"><\/audio><\/figure>\n\n\n\n<p>En total, se estima que 21.098 personas deben ser vacunadas en Ancud, incluyendo a ni\u00f1os de 6 meses a 10 a\u00f1os, adultos mayores de 60 a\u00f1os, embarazadas, personas con patolog\u00edas cr\u00f3nicas, trabajadores de la salud y de la educaci\u00f3n, as\u00ed como cuidadores de adultos mayores. Adem\u00e1s, se suma la inmunizaci\u00f3n contra el Virus Respiratorio Sincicial (VRS) para los lactantes nacidos entre el 1 de octubre de 2024 y el 28 de febrero de 2025, con un total proyectado de 270 ni\u00f1os.<\/p>\n\n\n\n<p>La campa\u00f1a tambi\u00e9n incluye la vacunaci\u00f3n contra el COVID-19, que beneficiar\u00e1 a m\u00e1s de 14.400 personas, con \u00e9nfasis en adultos mayores, trabajadores de la salud, embarazadas y personas con condiciones preexistentes.<\/p>\n\n\n\n<p>Para facilitar el acceso a la vacunaci\u00f3n, se han habilitado puntos de vacunaci\u00f3n en diferentes centros de salud de la comuna: el CESFAM Manuel Ferreira y CESFAM Pudeto Bajo tendr\u00e1n horarios extendidos, de 09.00 a 12.45 horas y de 14.00 a 19.00 horas. La invitaci\u00f3n fue hecha por la directora del Manuel Ferreira, Brenda Mansilla.<\/p>\n\n\n\n<figure class=\"wp-block-audio\"><audio controls src=\"https:\/\/elconquistadorredloslagos.cl\/test\/wp-content\/uploads\/2025\/03\/CUNA-BRENDA-MANSILLA.mp3\"><\/audio><\/figure>\n\n\n\n<p>La campa\u00f1a est\u00e1 enfocada en la protecci\u00f3n de los grupos vulnerables, pero tambi\u00e9n se ha ampliado para incluir a otros sectores de la poblaci\u00f3n, lo que refleja el compromiso de las autoridades por garantizar una cobertura de salud universal y gratuita para todos y todas. Uno de los testimonios fue el de la se\u00f1ora Marta Barr\u00eda.<\/p>\n\n\n\n<figure class=\"wp-block-audio\"><audio controls src=\"https:\/\/elconquistadorredloslagos.cl\/test\/wp-content\/uploads\/2025\/03\/CUNA-SENORA-MARTA.mp3\"><\/audio><\/figure>\n\n\n\n<p>El adelanto de la campa\u00f1a a nivel nacional busca estar mejor preparados antes de la llegada del invierno.<\/p>\n","protected":false},"excerpt":{"rendered":"<p>Siempre en materia de salud y con el objetivo de proteger a la poblaci\u00f3n local frente a los virus respiratorios que aumentan en la temporada invernal, se impuls\u00f3 en Ancud..<\/p>\n","protected":false},"author":2,"featured_media":8372,"comment_status":"closed","ping_status":"open","sticky":false,"template":"","format":"standard","meta":{"footnotes":""},"categories":[1,28],"tags":[],"class_list":["post-8367","post","type-post","status-publish","format-standard","has-post-thumbnail","hentry","category-acontecer","category-actual"],"rttpg_featured_image_url":{"full":["https:\/\/elconquistadorredloslagos.cl\/test\/wp-content\/uploads\/2025\/03\/img_-8.jpg",1920,1080,false],"landscape":["https:\/\/elconquistadorredloslagos.cl\/test\/wp-content\/uploads\/2025\/03\/img_-8.jpg",1920,1080,false],"portraits":["https:\/\/elconquistadorredloslagos.cl\/test\/wp-content\/uploads\/2025\/03\/img_-8.jpg",1920,1080,false],"thumbnail":["https:\/\/elconquistadorredloslagos.cl\/test\/wp-content\/uploads\/2025\/03\/img_-8-150x150.jpg",150,150,true],"medium":["https:\/\/elconquistadorredloslagos.cl\/test\/wp-content\/uploads\/2025\/03\/img_-8-300x169.jpg",300,169,true],"large":["https:\/\/elconquistadorredloslagos.cl\/test\/wp-content\/uploads\/2025\/03\/img_-8-1024x576.jpg",1024,576,true],"1536x1536":["https:\/\/elconquistadorredloslagos.cl\/test\/wp-content\/uploads\/2025\/03\/img_-8-1536x864.jpg",1536,864,true],"2048x2048":["https:\/\/elconquistadorredloslagos.cl\/test\/wp-content\/uploads\/2025\/03\/img_-8.jpg",1920,1080,false]},"rttpg_author":{"display_name":"ccardenas","author_link":"https:\/\/elconquistadorredloslagos.cl\/test\/blog\/author\/ccardenas\/"},"rttpg_comment":0,"rttpg_category":"<a href=\"https:\/\/elconquistadorredloslagos.cl\/test\/blog\/category\/actual\/acontecer\/\" rel=\"category tag\">Acontecer<\/a> <a href=\"https:\/\/elconquistadorredloslagos.cl\/test\/blog\/category\/actual\/\" rel=\"category tag\">Actualidad<\/a>","rttpg_excerpt":"Siempre en materia de salud y con el objetivo de proteger a la poblaci\u00f3n local frente a los virus respiratorios que aumentan en la temporada invernal, se impuls\u00f3 en Ancud..","_links":{"self":[{"href":"https:\/\/elconquistadorredloslagos.cl\/test\/wp-json\/wp\/v2\/posts\/8367","targetHints":{"allow":["GET"]}}],"collection":[{"href":"https:\/\/elconquistadorredloslagos.cl\/test\/wp-json\/wp\/v2\/posts"}],"about":[{"href":"https:\/\/elconquistadorredloslagos.cl\/test\/wp-json\/wp\/v2\/types\/post"}],"author":[{"embeddable":true,"href":"https:\/\/elconquistadorredloslagos.cl\/test\/wp-json\/wp\/v2\/users\/2"}],"replies":[{"embeddable":true,"href":"https:\/\/elconquistadorredloslagos.cl\/test\/wp-json\/wp\/v2\/comments?post=8367"}],"version-history":[{"count":1,"href":"https:\/\/elconquistadorredloslagos.cl\/test\/wp-json\/wp\/v2\/posts\/8367\/revisions"}],"predecessor-version":[{"id":8373,"href":"https:\/\/elconquistadorredloslagos.cl\/test\/wp-json\/wp\/v2\/posts\/8367\/revisions\/8373"}],"wp:featuredmedia":[{"embeddable":true,"href":"https:\/\/elconquistadorredloslagos.cl\/test\/wp-json\/wp\/v2\/media\/8372"}],"wp:attachment":[{"href":"https:\/\/elconquistadorredloslagos.cl\/test\/wp-json\/wp\/v2\/media?parent=8367"}],"wp:term":[{"taxonomy":"category","embeddable":true,"href":"https:\/\/elconquistadorredloslagos.cl\/test\/wp-json\/wp\/v2\/categories?post=8367"},{"taxonomy":"post_tag","embeddable":true,"href":"https:\/\/elconquistadorredloslagos.cl\/test\/wp-json\/wp\/v2\/tags?post=8367"}],"curies":[{"name":"wp","href":"https:\/\/api.w.org\/{rel}","templated":true}]}}