{"id":8361,"date":"2025-03-17T13:49:12","date_gmt":"2025-03-17T16:49:12","guid":{"rendered":"https:\/\/elconquistadorredloslagos.cl\/test\/?p=8361"},"modified":"2025-03-17T13:49:12","modified_gmt":"2025-03-17T16:49:12","slug":"oficializan-apertura-parcializada-del-nuevo-hospital-de-quellon","status":"publish","type":"post","link":"https:\/\/elconquistadorredloslagos.cl\/test\/blog\/2025\/03\/17\/oficializan-apertura-parcializada-del-nuevo-hospital-de-quellon\/","title":{"rendered":"Oficializan apertura parcializada del nuevo Hospital de Quell\u00f3n"},"content":{"rendered":"\n<p>Con gran expectaci\u00f3n se oficializ\u00f3 el Plan de Apertura Parcializada del Nuevo Hospital de Quell\u00f3n, se\u00f1al\u00e1ndose que en esta primera etapa de apertura se pondr\u00e1 en funcionamiento el Policl\u00ednico de Especialidades, ubicado en el segundo piso del moderno recinto.<\/p>\n\n\n\n<p>La Directora del Servicio de Salud Chilo\u00e9, Marcela C\u00e1rcamo explic\u00f3 el importante acontecimiento.<\/p>\n\n\n\n<figure class=\"wp-block-audio\"><audio controls src=\"https:\/\/elconquistadorredloslagos.cl\/test\/wp-content\/uploads\/2025\/03\/03-MARCELA-CARCAMO-DIRECTORA-SSCH.mp3\"><\/audio><\/figure>\n\n\n\n<p>En tanto, el alcalde quellonino, Claudio Barudy, afirm\u00f3 que este tipo de reuniones permiten clarificar la informaci\u00f3n desde fuentes oficiales.<\/p>\n\n\n\n<figure class=\"wp-block-audio\"><audio controls src=\"https:\/\/elconquistadorredloslagos.cl\/test\/wp-content\/uploads\/2025\/03\/02-CLAUDIO-BARUDY-ALCALDE-DE-QUELLON.mp3\"><\/audio><\/figure>\n\n\n\n<p>Durante el encuentro, se detall\u00f3 la planificaci\u00f3n que se ha estado trabajando desde diciembre de 2024 y que abarca aspectos esenciales como la gesti\u00f3n cl\u00ednica, el recurso humano, la infraestructura y la gesti\u00f3n con el territorio y comunidad.<\/p>\n\n\n\n<p>Al respecto la Directora del Servicio de Salud Chilo\u00e9 entreg\u00f3 detalles de la planificaci\u00f3n de apertura parcializada.<\/p>\n\n\n\n<figure class=\"wp-block-audio\"><audio controls src=\"https:\/\/elconquistadorredloslagos.cl\/test\/wp-content\/uploads\/2025\/03\/03-MARCELA-CARCAMO-DIRECTORA-SSCH-1.mp3\"><\/audio><\/figure>\n\n\n\n<p>De esta manera se oficializa la puesta en funcionamiento del Nuevo Hospital de Quell\u00f3n para los pr\u00f3ximos meses, lo que permitir\u00e1 que los habitantes de la comuna puedan acceder a atenciones de especialidad en instalaciones que ya cuentan con la infraestructura y el equipamiento necesario.<\/p>\n","protected":false},"excerpt":{"rendered":"<p>Con gran expectaci\u00f3n se oficializ\u00f3 el Plan de Apertura Parcializada del Nuevo Hospital de Quell\u00f3n, se\u00f1al\u00e1ndose que en esta primera etapa de apertura se pondr\u00e1 en funcionamiento el Policl\u00ednico de..<\/p>\n","protected":false},"author":2,"featured_media":8365,"comment_status":"closed","ping_status":"open","sticky":false,"template":"","format":"standard","meta":{"footnotes":""},"categories":[1,28],"tags":[],"class_list":["post-8361","post","type-post","status-publish","format-standard","has-post-thumbnail","hentry","category-acontecer","category-actual"],"rttpg_featured_image_url":{"full":["https:\/\/elconquistadorredloslagos.cl\/test\/wp-content\/uploads\/2025\/03\/img-39.jpg",1920,1080,false],"landscape":["https:\/\/elconquistadorredloslagos.cl\/test\/wp-content\/uploads\/2025\/03\/img-39.jpg",1920,1080,false],"portraits":["https:\/\/elconquistadorredloslagos.cl\/test\/wp-content\/uploads\/2025\/03\/img-39.jpg",1920,1080,false],"thumbnail":["https:\/\/elconquistadorredloslagos.cl\/test\/wp-content\/uploads\/2025\/03\/img-39-150x150.jpg",150,150,true],"medium":["https:\/\/elconquistadorredloslagos.cl\/test\/wp-content\/uploads\/2025\/03\/img-39-300x169.jpg",300,169,true],"large":["https:\/\/elconquistadorredloslagos.cl\/test\/wp-content\/uploads\/2025\/03\/img-39-1024x576.jpg",1024,576,true],"1536x1536":["https:\/\/elconquistadorredloslagos.cl\/test\/wp-content\/uploads\/2025\/03\/img-39-1536x864.jpg",1536,864,true],"2048x2048":["https:\/\/elconquistadorredloslagos.cl\/test\/wp-content\/uploads\/2025\/03\/img-39.jpg",1920,1080,false]},"rttpg_author":{"display_name":"ccardenas","author_link":"https:\/\/elconquistadorredloslagos.cl\/test\/blog\/author\/ccardenas\/"},"rttpg_comment":0,"rttpg_category":"<a href=\"https:\/\/elconquistadorredloslagos.cl\/test\/blog\/category\/actual\/acontecer\/\" rel=\"category tag\">Acontecer<\/a> <a href=\"https:\/\/elconquistadorredloslagos.cl\/test\/blog\/category\/actual\/\" rel=\"category tag\">Actualidad<\/a>","rttpg_excerpt":"Con gran expectaci\u00f3n se oficializ\u00f3 el Plan de Apertura Parcializada del Nuevo Hospital de Quell\u00f3n, se\u00f1al\u00e1ndose que en esta primera etapa de apertura se pondr\u00e1 en funcionamiento el Policl\u00ednico de..","_links":{"self":[{"href":"https:\/\/elconquistadorredloslagos.cl\/test\/wp-json\/wp\/v2\/posts\/8361","targetHints":{"allow":["GET"]}}],"collection":[{"href":"https:\/\/elconquistadorredloslagos.cl\/test\/wp-json\/wp\/v2\/posts"}],"about":[{"href":"https:\/\/elconquistadorredloslagos.cl\/test\/wp-json\/wp\/v2\/types\/post"}],"author":[{"embeddable":true,"href":"https:\/\/elconquistadorredloslagos.cl\/test\/wp-json\/wp\/v2\/users\/2"}],"replies":[{"embeddable":true,"href":"https:\/\/elconquistadorredloslagos.cl\/test\/wp-json\/wp\/v2\/comments?post=8361"}],"version-history":[{"count":1,"href":"https:\/\/elconquistadorredloslagos.cl\/test\/wp-json\/wp\/v2\/posts\/8361\/revisions"}],"predecessor-version":[{"id":8366,"href":"https:\/\/elconquistadorredloslagos.cl\/test\/wp-json\/wp\/v2\/posts\/8361\/revisions\/8366"}],"wp:featuredmedia":[{"embeddable":true,"href":"https:\/\/elconquistadorredloslagos.cl\/test\/wp-json\/wp\/v2\/media\/8365"}],"wp:attachment":[{"href":"https:\/\/elconquistadorredloslagos.cl\/test\/wp-json\/wp\/v2\/media?parent=8361"}],"wp:term":[{"taxonomy":"category","embeddable":true,"href":"https:\/\/elconquistadorredloslagos.cl\/test\/wp-json\/wp\/v2\/categories?post=8361"},{"taxonomy":"post_tag","embeddable":true,"href":"https:\/\/elconquistadorredloslagos.cl\/test\/wp-json\/wp\/v2\/tags?post=8361"}],"curies":[{"name":"wp","href":"https:\/\/api.w.org\/{rel}","templated":true}]}}