{"id":8347,"date":"2025-03-17T11:55:48","date_gmt":"2025-03-17T14:55:48","guid":{"rendered":"https:\/\/elconquistadorredloslagos.cl\/test\/?p=8347"},"modified":"2025-03-17T11:55:49","modified_gmt":"2025-03-17T14:55:49","slug":"un-mes-el-padre-que-decidio-caminar-nuevamente-desde-ancud-a-santiago","status":"publish","type":"post","link":"https:\/\/elconquistadorredloslagos.cl\/test\/blog\/2025\/03\/17\/un-mes-el-padre-que-decidio-caminar-nuevamente-desde-ancud-a-santiago\/","title":{"rendered":"\u00a1Un mes! El padre que decidi\u00f3 caminar nuevamente desde Ancud a Santiago"},"content":{"rendered":"\n<p>Caminar los m\u00e1s de 1.300 kil\u00f3metros que separan la comuna de Ancud en Chilo\u00e9 con la ciudad de Santiago puede parecer una quimera para muchos.<\/p>\n\n\n\n<p>No as\u00ed para Marcos Reyes, un pap\u00e1 que por segunda vez en menos de un a\u00f1o pretende completar este desaf\u00edo con el objetivo de recaudar 7 mil millones de pesos para comprar el medicamento que lleva por nombre Elevidys, f\u00e1rmaco que permite frenar la Distrofia Muscular de Duchenne (DMD), enfermedad degenerativa que padecen sus gemelos Vicente y Lucas, de 13 a\u00f1os.<\/p>\n\n\n\n<p>Este abnegado padre busca completar esta caminata el pr\u00f3ximo 16 de abril en la Plaza de la Ciudadan\u00eda de la capital del pa\u00eds, en una ruta similar a la que realiz\u00f3 en 2024 acompa\u00f1ando a Camila G\u00f3mez, madre de Tom\u00e1s Ross, peque\u00f1o de 6 a\u00f1os quien ya se encuentra recibiendo este tratamiento en los Estados Unidos.<\/p>\n\n\n\n<figure class=\"wp-block-audio\"><audio controls src=\"https:\/\/elconquistadorredloslagos.cl\/test\/wp-content\/uploads\/2025\/03\/CUNA-MARCOS-1.mp3\"><\/audio><\/figure>\n\n\n\n<p>Junto con ello, Marcos indic\u00f3 que se trata de una situaci\u00f3n triste, manifestando que \u201cpor parte de las autoridades lamentablemente los ni\u00f1os con Duchenne no existen a\u00fan\u201d.<\/p>\n\n\n\n<figure class=\"wp-block-audio\"><audio controls src=\"https:\/\/elconquistadorredloslagos.cl\/test\/wp-content\/uploads\/2025\/03\/CUNA-MARCOS-2.mp3\"><\/audio><\/figure>\n\n\n\n<p><strong>\u00bfEn qu\u00e9 consiste la distrofia Duchenne?<\/strong><\/p>\n\n\n\n<p>Existen varios tipos de distrofia muscular, aunque Duchenne es la forma m\u00e1s com\u00fan y tambi\u00e9n una de las m\u00e1s severas. La enfermedad se desata debido a un gen defectuoso que resulta en la ausencia de distrofina, una prote\u00edna que ayuda a mantener intactas las c\u00e9lulas del cuerpo.<\/p>\n","protected":false},"excerpt":{"rendered":"<p>Caminar los m\u00e1s de 1.300 kil\u00f3metros que separan la comuna de Ancud en Chilo\u00e9 con la ciudad de Santiago puede parecer una quimera para muchos. No as\u00ed para Marcos Reyes,..<\/p>\n","protected":false},"author":2,"featured_media":8350,"comment_status":"closed","ping_status":"open","sticky":false,"template":"","format":"standard","meta":{"footnotes":""},"categories":[1,28,26],"tags":[],"class_list":["post-8347","post","type-post","status-publish","format-standard","has-post-thumbnail","hentry","category-acontecer","category-actual","category-comunidad"],"rttpg_featured_image_url":{"full":["https:\/\/elconquistadorredloslagos.cl\/test\/wp-content\/uploads\/2025\/03\/Diseno-sin-titulo-4.jpg",1920,1080,false],"landscape":["https:\/\/elconquistadorredloslagos.cl\/test\/wp-content\/uploads\/2025\/03\/Diseno-sin-titulo-4.jpg",1920,1080,false],"portraits":["https:\/\/elconquistadorredloslagos.cl\/test\/wp-content\/uploads\/2025\/03\/Diseno-sin-titulo-4.jpg",1920,1080,false],"thumbnail":["https:\/\/elconquistadorredloslagos.cl\/test\/wp-content\/uploads\/2025\/03\/Diseno-sin-titulo-4-150x150.jpg",150,150,true],"medium":["https:\/\/elconquistadorredloslagos.cl\/test\/wp-content\/uploads\/2025\/03\/Diseno-sin-titulo-4-300x169.jpg",300,169,true],"large":["https:\/\/elconquistadorredloslagos.cl\/test\/wp-content\/uploads\/2025\/03\/Diseno-sin-titulo-4-1024x576.jpg",1024,576,true],"1536x1536":["https:\/\/elconquistadorredloslagos.cl\/test\/wp-content\/uploads\/2025\/03\/Diseno-sin-titulo-4-1536x864.jpg",1536,864,true],"2048x2048":["https:\/\/elconquistadorredloslagos.cl\/test\/wp-content\/uploads\/2025\/03\/Diseno-sin-titulo-4.jpg",1920,1080,false]},"rttpg_author":{"display_name":"ccardenas","author_link":"https:\/\/elconquistadorredloslagos.cl\/test\/blog\/author\/ccardenas\/"},"rttpg_comment":0,"rttpg_category":"<a href=\"https:\/\/elconquistadorredloslagos.cl\/test\/blog\/category\/actual\/acontecer\/\" rel=\"category tag\">Acontecer<\/a> <a href=\"https:\/\/elconquistadorredloslagos.cl\/test\/blog\/category\/actual\/\" rel=\"category tag\">Actualidad<\/a> <a href=\"https:\/\/elconquistadorredloslagos.cl\/test\/blog\/category\/comunidad\/\" rel=\"category tag\">Comunidad<\/a>","rttpg_excerpt":"Caminar los m\u00e1s de 1.300 kil\u00f3metros que separan la comuna de Ancud en Chilo\u00e9 con la ciudad de Santiago puede parecer una quimera para muchos. No as\u00ed para Marcos Reyes,..","_links":{"self":[{"href":"https:\/\/elconquistadorredloslagos.cl\/test\/wp-json\/wp\/v2\/posts\/8347","targetHints":{"allow":["GET"]}}],"collection":[{"href":"https:\/\/elconquistadorredloslagos.cl\/test\/wp-json\/wp\/v2\/posts"}],"about":[{"href":"https:\/\/elconquistadorredloslagos.cl\/test\/wp-json\/wp\/v2\/types\/post"}],"author":[{"embeddable":true,"href":"https:\/\/elconquistadorredloslagos.cl\/test\/wp-json\/wp\/v2\/users\/2"}],"replies":[{"embeddable":true,"href":"https:\/\/elconquistadorredloslagos.cl\/test\/wp-json\/wp\/v2\/comments?post=8347"}],"version-history":[{"count":2,"href":"https:\/\/elconquistadorredloslagos.cl\/test\/wp-json\/wp\/v2\/posts\/8347\/revisions"}],"predecessor-version":[{"id":8352,"href":"https:\/\/elconquistadorredloslagos.cl\/test\/wp-json\/wp\/v2\/posts\/8347\/revisions\/8352"}],"wp:featuredmedia":[{"embeddable":true,"href":"https:\/\/elconquistadorredloslagos.cl\/test\/wp-json\/wp\/v2\/media\/8350"}],"wp:attachment":[{"href":"https:\/\/elconquistadorredloslagos.cl\/test\/wp-json\/wp\/v2\/media?parent=8347"}],"wp:term":[{"taxonomy":"category","embeddable":true,"href":"https:\/\/elconquistadorredloslagos.cl\/test\/wp-json\/wp\/v2\/categories?post=8347"},{"taxonomy":"post_tag","embeddable":true,"href":"https:\/\/elconquistadorredloslagos.cl\/test\/wp-json\/wp\/v2\/tags?post=8347"}],"curies":[{"name":"wp","href":"https:\/\/api.w.org\/{rel}","templated":true}]}}