{"id":8336,"date":"2025-03-15T18:43:19","date_gmt":"2025-03-15T21:43:19","guid":{"rendered":"https:\/\/elconquistadorredloslagos.cl\/test\/?p=8336"},"modified":"2025-03-15T19:50:51","modified_gmt":"2025-03-15T22:50:51","slug":"comentario-misogino-hacia-concejal-de-rio-negro-genera-repudio-en-la-comunidad","status":"publish","type":"post","link":"https:\/\/elconquistadorredloslagos.cl\/test\/blog\/2025\/03\/15\/comentario-misogino-hacia-concejal-de-rio-negro-genera-repudio-en-la-comunidad\/","title":{"rendered":"Comentario mis\u00f3gino hacia concejal de R\u00edo Negro genera repudio en la comunidad"},"content":{"rendered":"\n<p>Un lamentable episodio de violencia de g\u00e9nero ocurri\u00f3 el pasado domingo nueve de marzo durante la transmisi\u00f3n en vivo de la exposici\u00f3n de autos antiguos realizada en conmemoraci\u00f3n del aniversario de R\u00edo Negro. Este evento, difundido a trav\u00e9s de una plataforma oficial del municipio, se vio ensombrecido por un comentario mis\u00f3gino, soez e irrepetible dirigido hacia la concejal de la ciudad, Evelyn Ojeda.<\/p>\n\n\n\n<p>El hecho ocurri\u00f3 luego de que Javier Santana, miembro de la C\u00e1mara de Turismo de R\u00edo Negro, entrevistara al alcalde de la ciudad. Creyendo que la transmisi\u00f3n ya hab\u00eda finalizado, Santana realiz\u00f3 un comentario despectivo hacia la concejal. Sin embargo, la transmisi\u00f3n a\u00fan se encontraba activa, y el comentario fue escuchado en vivo por la audiencia.<\/p>\n\n\n\n<p>El mi\u00e9rcoles 12 de marzo, el concejo municipal en pleno se pronunci\u00f3 en\u00e9rgicamente en rechazo a este acontecimiento, manifestando su apoyo absoluto a Evelyn Ojeda.<\/p>\n\n\n\n<p>En un comunicado encabezado por la concejal Ojeda, ella expres\u00f3 su categ\u00f3rico rechazo al hecho y se\u00f1al\u00f3 que espera que este incidente sirva como precedente para prevenir futuros actos de este tipo. Adem\u00e1s, enfatiz\u00f3 la importancia de erradicar toda forma de violencia de g\u00e9nero en el espacio p\u00fablico y privado.<\/p>\n\n\n\n<p>Como consecuencia de este hecho, Javier Santana fue desvinculado de la C\u00e1mara de Turismo de R\u00edo Negro, organismo que a\u00fan no ha emitido disculpas p\u00fablicas ni un comunicado oficial explicando su postura respecto al incidente. El concejo municipal espera que se realicen estas disculpas y se entregue un comunicado escrito que aclare la posici\u00f3n institucional de la C\u00e1mara de Turismo.<\/p>\n\n\n\n<p>Este hecho ha generado un amplio debate en la comunidad sobre el respeto y la igualdad de g\u00e9nero, resaltando la importancia de tomar acciones concretas contra la violencia mis\u00f3gina en todos sus \u00e1mbitos.<\/p>\n\n\n\n<figure class=\"wp-block-video aligncenter\"><video height=\"480\" style=\"aspect-ratio: 848 \/ 480;\" width=\"848\" controls src=\"https:\/\/elconquistadorredloslagos.cl\/test\/wp-content\/uploads\/2025\/03\/VID_20250315_193008-1.mp4\"><\/video><\/figure>\n","protected":false},"excerpt":{"rendered":"<p>Un lamentable episodio de violencia de g\u00e9nero ocurri\u00f3 el pasado domingo nueve de marzo durante la transmisi\u00f3n en vivo de la exposici\u00f3n de autos antiguos realizada en conmemoraci\u00f3n del aniversario..<\/p>\n","protected":false},"author":6,"featured_media":8345,"comment_status":"closed","ping_status":"open","sticky":false,"template":"","format":"standard","meta":{"footnotes":""},"categories":[28],"tags":[],"class_list":["post-8336","post","type-post","status-publish","format-standard","has-post-thumbnail","hentry","category-actual"],"rttpg_featured_image_url":{"full":["https:\/\/elconquistadorredloslagos.cl\/test\/wp-content\/uploads\/2025\/03\/IMG_20250314_122018-1024x771-1.jpg",1024,771,false],"landscape":["https:\/\/elconquistadorredloslagos.cl\/test\/wp-content\/uploads\/2025\/03\/IMG_20250314_122018-1024x771-1.jpg",1024,771,false],"portraits":["https:\/\/elconquistadorredloslagos.cl\/test\/wp-content\/uploads\/2025\/03\/IMG_20250314_122018-1024x771-1.jpg",1024,771,false],"thumbnail":["https:\/\/elconquistadorredloslagos.cl\/test\/wp-content\/uploads\/2025\/03\/IMG_20250314_122018-1024x771-1-150x150.jpg",150,150,true],"medium":["https:\/\/elconquistadorredloslagos.cl\/test\/wp-content\/uploads\/2025\/03\/IMG_20250314_122018-1024x771-1-300x226.jpg",300,226,true],"large":["https:\/\/elconquistadorredloslagos.cl\/test\/wp-content\/uploads\/2025\/03\/IMG_20250314_122018-1024x771-1.jpg",1024,771,false],"1536x1536":["https:\/\/elconquistadorredloslagos.cl\/test\/wp-content\/uploads\/2025\/03\/IMG_20250314_122018-1024x771-1.jpg",1024,771,false],"2048x2048":["https:\/\/elconquistadorredloslagos.cl\/test\/wp-content\/uploads\/2025\/03\/IMG_20250314_122018-1024x771-1.jpg",1024,771,false]},"rttpg_author":{"display_name":"contactoosorno","author_link":"https:\/\/elconquistadorredloslagos.cl\/test\/blog\/author\/contactoosorno\/"},"rttpg_comment":0,"rttpg_category":"<a href=\"https:\/\/elconquistadorredloslagos.cl\/test\/blog\/category\/actual\/\" rel=\"category tag\">Actualidad<\/a>","rttpg_excerpt":"Un lamentable episodio de violencia de g\u00e9nero ocurri\u00f3 el pasado domingo nueve de marzo durante la transmisi\u00f3n en vivo de la exposici\u00f3n de autos antiguos realizada en conmemoraci\u00f3n del aniversario..","_links":{"self":[{"href":"https:\/\/elconquistadorredloslagos.cl\/test\/wp-json\/wp\/v2\/posts\/8336","targetHints":{"allow":["GET"]}}],"collection":[{"href":"https:\/\/elconquistadorredloslagos.cl\/test\/wp-json\/wp\/v2\/posts"}],"about":[{"href":"https:\/\/elconquistadorredloslagos.cl\/test\/wp-json\/wp\/v2\/types\/post"}],"author":[{"embeddable":true,"href":"https:\/\/elconquistadorredloslagos.cl\/test\/wp-json\/wp\/v2\/users\/6"}],"replies":[{"embeddable":true,"href":"https:\/\/elconquistadorredloslagos.cl\/test\/wp-json\/wp\/v2\/comments?post=8336"}],"version-history":[{"count":2,"href":"https:\/\/elconquistadorredloslagos.cl\/test\/wp-json\/wp\/v2\/posts\/8336\/revisions"}],"predecessor-version":[{"id":8344,"href":"https:\/\/elconquistadorredloslagos.cl\/test\/wp-json\/wp\/v2\/posts\/8336\/revisions\/8344"}],"wp:featuredmedia":[{"embeddable":true,"href":"https:\/\/elconquistadorredloslagos.cl\/test\/wp-json\/wp\/v2\/media\/8345"}],"wp:attachment":[{"href":"https:\/\/elconquistadorredloslagos.cl\/test\/wp-json\/wp\/v2\/media?parent=8336"}],"wp:term":[{"taxonomy":"category","embeddable":true,"href":"https:\/\/elconquistadorredloslagos.cl\/test\/wp-json\/wp\/v2\/categories?post=8336"},{"taxonomy":"post_tag","embeddable":true,"href":"https:\/\/elconquistadorredloslagos.cl\/test\/wp-json\/wp\/v2\/tags?post=8336"}],"curies":[{"name":"wp","href":"https:\/\/api.w.org\/{rel}","templated":true}]}}