{"id":8333,"date":"2025-03-14T16:30:08","date_gmt":"2025-03-14T19:30:08","guid":{"rendered":"https:\/\/elconquistadorredloslagos.cl\/test\/?p=8333"},"modified":"2025-03-14T16:30:08","modified_gmt":"2025-03-14T19:30:08","slug":"padre-de-ninos-duchenne-caminara-de-ancud-hasta-santiago-acompano-a-camila-el-ano-pasado","status":"publish","type":"post","link":"https:\/\/elconquistadorredloslagos.cl\/test\/blog\/2025\/03\/14\/padre-de-ninos-duchenne-caminara-de-ancud-hasta-santiago-acompano-a-camila-el-ano-pasado\/","title":{"rendered":"Padre de ni\u00f1os Duchenne caminar\u00e1 de Ancud hasta Santiago. Acompa\u00f1\u00f3 a Camila el a\u00f1o pasado\u00a0"},"content":{"rendered":"\n<p>Este domingo a las 09.30 de la ma\u00f1ana, comenzar\u00e1 la larga caminata desde Ancud a Santiago de Marcos Reyes, padre de Vicente y Lucas, gemelos que padecen Distrofia Muscular de Duchenne, similar diagn\u00f3stico del peque\u00f1o Tom\u00e1s Ross.<\/p>\n\n\n\n<p>No es una historia desconocida para Marcos, dado que se trata de un trayecto que ya recorri\u00f3 el a\u00f1o pasado junto a Camila G\u00f3mez, madre de Tomy. En esta oportunidad, en los m\u00e1s de 1.300 kil\u00f3metros que separan a la comuna norte de Chilo\u00e9 con la capital del pa\u00eds, pretende recaudar el doble del dinero: es decir, 7 mil millones de la moneda nacional.<\/p>\n\n\n\n<p>Tarea nada sencilla para esta familia. \u201cDecidimos llevar a cabo una campa\u00f1a primero y posteriormente decidimos ya lanzarnos con todo a esta caminata que vamos a iniciar el 16 de marzo por esta cifra gigantesca\u201d, expres\u00f3 Marcos. <\/p>\n\n\n\n<p>En el caso de Tom\u00e1s Ross, se indicaba en aquel entonces que si 3,5 millones de personas donaban $1.000 pesos, se pod\u00eda cumplir la meta. En cuanto a los hermanos Vicente y Lucas, se detalla que si 1.400.000 donan $5.000 pesos, se puede lograr el objetivo.<\/p>\n\n\n\n<p>\ud83d\udcf7 Redes sociales<\/p>\n","protected":false},"excerpt":{"rendered":"<p>Este domingo a las 09.30 de la ma\u00f1ana, comenzar\u00e1 la larga caminata desde Ancud a Santiago de Marcos Reyes, padre de Vicente y Lucas, gemelos que padecen Distrofia Muscular de..<\/p>\n","protected":false},"author":2,"featured_media":8334,"comment_status":"closed","ping_status":"open","sticky":false,"template":"","format":"standard","meta":{"footnotes":""},"categories":[1,28],"tags":[],"class_list":["post-8333","post","type-post","status-publish","format-standard","has-post-thumbnail","hentry","category-acontecer","category-actual"],"rttpg_featured_image_url":{"full":["https:\/\/elconquistadorredloslagos.cl\/test\/wp-content\/uploads\/2025\/03\/img-38.jpg",1920,1080,false],"landscape":["https:\/\/elconquistadorredloslagos.cl\/test\/wp-content\/uploads\/2025\/03\/img-38.jpg",1920,1080,false],"portraits":["https:\/\/elconquistadorredloslagos.cl\/test\/wp-content\/uploads\/2025\/03\/img-38.jpg",1920,1080,false],"thumbnail":["https:\/\/elconquistadorredloslagos.cl\/test\/wp-content\/uploads\/2025\/03\/img-38-150x150.jpg",150,150,true],"medium":["https:\/\/elconquistadorredloslagos.cl\/test\/wp-content\/uploads\/2025\/03\/img-38-300x169.jpg",300,169,true],"large":["https:\/\/elconquistadorredloslagos.cl\/test\/wp-content\/uploads\/2025\/03\/img-38-1024x576.jpg",1024,576,true],"1536x1536":["https:\/\/elconquistadorredloslagos.cl\/test\/wp-content\/uploads\/2025\/03\/img-38-1536x864.jpg",1536,864,true],"2048x2048":["https:\/\/elconquistadorredloslagos.cl\/test\/wp-content\/uploads\/2025\/03\/img-38.jpg",1920,1080,false]},"rttpg_author":{"display_name":"ccardenas","author_link":"https:\/\/elconquistadorredloslagos.cl\/test\/blog\/author\/ccardenas\/"},"rttpg_comment":0,"rttpg_category":"<a href=\"https:\/\/elconquistadorredloslagos.cl\/test\/blog\/category\/actual\/acontecer\/\" rel=\"category tag\">Acontecer<\/a> <a href=\"https:\/\/elconquistadorredloslagos.cl\/test\/blog\/category\/actual\/\" rel=\"category tag\">Actualidad<\/a>","rttpg_excerpt":"Este domingo a las 09.30 de la ma\u00f1ana, comenzar\u00e1 la larga caminata desde Ancud a Santiago de Marcos Reyes, padre de Vicente y Lucas, gemelos que padecen Distrofia Muscular de..","_links":{"self":[{"href":"https:\/\/elconquistadorredloslagos.cl\/test\/wp-json\/wp\/v2\/posts\/8333","targetHints":{"allow":["GET"]}}],"collection":[{"href":"https:\/\/elconquistadorredloslagos.cl\/test\/wp-json\/wp\/v2\/posts"}],"about":[{"href":"https:\/\/elconquistadorredloslagos.cl\/test\/wp-json\/wp\/v2\/types\/post"}],"author":[{"embeddable":true,"href":"https:\/\/elconquistadorredloslagos.cl\/test\/wp-json\/wp\/v2\/users\/2"}],"replies":[{"embeddable":true,"href":"https:\/\/elconquistadorredloslagos.cl\/test\/wp-json\/wp\/v2\/comments?post=8333"}],"version-history":[{"count":1,"href":"https:\/\/elconquistadorredloslagos.cl\/test\/wp-json\/wp\/v2\/posts\/8333\/revisions"}],"predecessor-version":[{"id":8335,"href":"https:\/\/elconquistadorredloslagos.cl\/test\/wp-json\/wp\/v2\/posts\/8333\/revisions\/8335"}],"wp:featuredmedia":[{"embeddable":true,"href":"https:\/\/elconquistadorredloslagos.cl\/test\/wp-json\/wp\/v2\/media\/8334"}],"wp:attachment":[{"href":"https:\/\/elconquistadorredloslagos.cl\/test\/wp-json\/wp\/v2\/media?parent=8333"}],"wp:term":[{"taxonomy":"category","embeddable":true,"href":"https:\/\/elconquistadorredloslagos.cl\/test\/wp-json\/wp\/v2\/categories?post=8333"},{"taxonomy":"post_tag","embeddable":true,"href":"https:\/\/elconquistadorredloslagos.cl\/test\/wp-json\/wp\/v2\/tags?post=8333"}],"curies":[{"name":"wp","href":"https:\/\/api.w.org\/{rel}","templated":true}]}}