{"id":8326,"date":"2025-03-14T16:12:48","date_gmt":"2025-03-14T19:12:48","guid":{"rendered":"https:\/\/elconquistadorredloslagos.cl\/test\/?p=8326"},"modified":"2025-03-14T16:12:49","modified_gmt":"2025-03-14T19:12:49","slug":"sernac-los-lagos-invita-a-feria-del-consumidor","status":"publish","type":"post","link":"https:\/\/elconquistadorredloslagos.cl\/test\/blog\/2025\/03\/14\/sernac-los-lagos-invita-a-feria-del-consumidor\/","title":{"rendered":"SERNAC Los Lagos invita a feria del consumidor"},"content":{"rendered":"\n<p>Diversos Servicios P\u00fablicos participar\u00e1n de la Feria del Consumidor que SERNAC de la Regi\u00f3n de Los Lagos organiz\u00f3 para este martes 18 de marzo.<\/p>\n\n\n\n<p>La actividad se realizar\u00e1 en el Pasillo Central del Terminal de Buses de Puerto Montt, entre las 10.15 y 13.15 horas. con la participaci\u00f3n de m\u00e1s de 30 instituciones encargadas de orientar a los usuarios y atender sus requerimientos. <\/p>\n\n\n\n<p>La Directora Regional de SERNAC Los Lagos, Fernanda Gajardo, hizo una invitaci\u00f3n a la comunidad para que concurra al lugar, pues este evento -inserto dentro de la Semana del Consumidor- permitir\u00e1 a los visitantes realizar tr\u00e1mites y hacer consultas sobre diversas materias en un solo lugar.<\/p>\n\n\n\n<figure class=\"wp-block-audio\"><audio controls src=\"https:\/\/elconquistadorredloslagos.cl\/test\/wp-content\/uploads\/2025\/03\/CUNA-SERNAC.mp3\"><\/audio><\/figure>\n\n\n\n<p>Esta nueva versi\u00f3n de la Feria se realizar\u00e1 gracias a la colaboraci\u00f3n de la empresa Concesionaria del Terminal de Buses de Puerto Montt, la que permanentemente ha gestionado la cercan\u00eda de la comunidad, en especial rural, a los servicios del Estado.<\/p>\n","protected":false},"excerpt":{"rendered":"<p>Diversos Servicios P\u00fablicos participar\u00e1n de la Feria del Consumidor que SERNAC de la Regi\u00f3n de Los Lagos organiz\u00f3 para este martes 18 de marzo. La actividad se realizar\u00e1 en el..<\/p>\n","protected":false},"author":2,"featured_media":8328,"comment_status":"closed","ping_status":"open","sticky":false,"template":"","format":"standard","meta":{"footnotes":""},"categories":[1,28],"tags":[],"class_list":["post-8326","post","type-post","status-publish","format-standard","has-post-thumbnail","hentry","category-acontecer","category-actual"],"rttpg_featured_image_url":{"full":["https:\/\/elconquistadorredloslagos.cl\/test\/wp-content\/uploads\/2025\/03\/img-36.jpg",1920,1080,false],"landscape":["https:\/\/elconquistadorredloslagos.cl\/test\/wp-content\/uploads\/2025\/03\/img-36.jpg",1920,1080,false],"portraits":["https:\/\/elconquistadorredloslagos.cl\/test\/wp-content\/uploads\/2025\/03\/img-36.jpg",1920,1080,false],"thumbnail":["https:\/\/elconquistadorredloslagos.cl\/test\/wp-content\/uploads\/2025\/03\/img-36-150x150.jpg",150,150,true],"medium":["https:\/\/elconquistadorredloslagos.cl\/test\/wp-content\/uploads\/2025\/03\/img-36-300x169.jpg",300,169,true],"large":["https:\/\/elconquistadorredloslagos.cl\/test\/wp-content\/uploads\/2025\/03\/img-36-1024x576.jpg",1024,576,true],"1536x1536":["https:\/\/elconquistadorredloslagos.cl\/test\/wp-content\/uploads\/2025\/03\/img-36-1536x864.jpg",1536,864,true],"2048x2048":["https:\/\/elconquistadorredloslagos.cl\/test\/wp-content\/uploads\/2025\/03\/img-36.jpg",1920,1080,false]},"rttpg_author":{"display_name":"ccardenas","author_link":"https:\/\/elconquistadorredloslagos.cl\/test\/blog\/author\/ccardenas\/"},"rttpg_comment":0,"rttpg_category":"<a href=\"https:\/\/elconquistadorredloslagos.cl\/test\/blog\/category\/actual\/acontecer\/\" rel=\"category tag\">Acontecer<\/a> <a href=\"https:\/\/elconquistadorredloslagos.cl\/test\/blog\/category\/actual\/\" rel=\"category tag\">Actualidad<\/a>","rttpg_excerpt":"Diversos Servicios P\u00fablicos participar\u00e1n de la Feria del Consumidor que SERNAC de la Regi\u00f3n de Los Lagos organiz\u00f3 para este martes 18 de marzo. La actividad se realizar\u00e1 en el..","_links":{"self":[{"href":"https:\/\/elconquistadorredloslagos.cl\/test\/wp-json\/wp\/v2\/posts\/8326","targetHints":{"allow":["GET"]}}],"collection":[{"href":"https:\/\/elconquistadorredloslagos.cl\/test\/wp-json\/wp\/v2\/posts"}],"about":[{"href":"https:\/\/elconquistadorredloslagos.cl\/test\/wp-json\/wp\/v2\/types\/post"}],"author":[{"embeddable":true,"href":"https:\/\/elconquistadorredloslagos.cl\/test\/wp-json\/wp\/v2\/users\/2"}],"replies":[{"embeddable":true,"href":"https:\/\/elconquistadorredloslagos.cl\/test\/wp-json\/wp\/v2\/comments?post=8326"}],"version-history":[{"count":1,"href":"https:\/\/elconquistadorredloslagos.cl\/test\/wp-json\/wp\/v2\/posts\/8326\/revisions"}],"predecessor-version":[{"id":8329,"href":"https:\/\/elconquistadorredloslagos.cl\/test\/wp-json\/wp\/v2\/posts\/8326\/revisions\/8329"}],"wp:featuredmedia":[{"embeddable":true,"href":"https:\/\/elconquistadorredloslagos.cl\/test\/wp-json\/wp\/v2\/media\/8328"}],"wp:attachment":[{"href":"https:\/\/elconquistadorredloslagos.cl\/test\/wp-json\/wp\/v2\/media?parent=8326"}],"wp:term":[{"taxonomy":"category","embeddable":true,"href":"https:\/\/elconquistadorredloslagos.cl\/test\/wp-json\/wp\/v2\/categories?post=8326"},{"taxonomy":"post_tag","embeddable":true,"href":"https:\/\/elconquistadorredloslagos.cl\/test\/wp-json\/wp\/v2\/tags?post=8326"}],"curies":[{"name":"wp","href":"https:\/\/api.w.org\/{rel}","templated":true}]}}