{"id":8321,"date":"2025-03-14T15:57:25","date_gmt":"2025-03-14T18:57:25","guid":{"rendered":"https:\/\/elconquistadorredloslagos.cl\/test\/?p=8321"},"modified":"2025-03-17T13:24:47","modified_gmt":"2025-03-17T16:24:47","slug":"el-proyecto-de-ley-paulina-logro-juntar-las-10-mil-firmas-necesarias-para-su-tramitacion-en-el-congreso","status":"publish","type":"post","link":"https:\/\/elconquistadorredloslagos.cl\/test\/blog\/2025\/03\/14\/el-proyecto-de-ley-paulina-logro-juntar-las-10-mil-firmas-necesarias-para-su-tramitacion-en-el-congreso\/","title":{"rendered":"El proyecto de Ley Paulina logr\u00f3 juntar las 10 mil firmas necesarias para su tramitaci\u00f3n en el Congreso"},"content":{"rendered":"\n<p>Este pr\u00f3ximo domingo 16 de marzo se cumplen exactos 9 meses desde el fatal atropello que le cost\u00f3 la vida a la joven ancuditana Paulina Fuentes Villarroel de 28 a\u00f1os, en la comuna de Vitacura, Regi\u00f3n Metropolitana.<\/p>\n\n\n\n<p>El culpable fue un m\u00e9dico de nacionalidad venezolana de nombre Jos\u00e9 Gregorio Colina Flores. Tras los lamentables hechos, y en un intento de poder solicitar justicia, la familia impuls\u00f3 la \u201cLey Paulina\u201d la que deb\u00eda recolectar 10 mil firmas para promover su tramitaci\u00f3n en el parlamento.<\/p>\n\n\n\n<p>La meta fue alcanzada en los \u00faltimos d\u00edas, dando un paso importante en poder modificar la actual legislaci\u00f3n. As\u00ed lo coment\u00f3 Soraya Villarroel, madre de la v\u00edctima.<\/p>\n\n\n\n<figure class=\"wp-block-audio\"><audio controls src=\"https:\/\/elconquistadorredloslagos.cl\/test\/wp-content\/uploads\/2025\/03\/CUNA-SORAYA-1.mp3\"><\/audio><\/figure>\n\n\n\n<p>La madre chilota, &nbsp;manifest\u00f3 que lo que buscan es realizar un cambio cultural para que este tipo de situaciones no vuelvan a repetirse, interiorizando que el beber y conducir no son acciones compatibles.<\/p>\n\n\n\n<figure class=\"wp-block-audio\"><audio controls src=\"https:\/\/elconquistadorredloslagos.cl\/test\/wp-content\/uploads\/2025\/03\/CUNA-SORAYA-2.mp3\"><\/audio><\/figure>\n\n\n\n<p>La iniciativa legal &nbsp;est\u00e1 siendo asesorada por el abogado, Oscar Montecinos y para ver la luz deber\u00e1 tener el patrocinio de algunos parlamentarios. De este modo podr\u00e1 ser ingresada a la C\u00e1mara Baja para su discusi\u00f3n.<\/p>\n","protected":false},"excerpt":{"rendered":"<p>Este pr\u00f3ximo domingo 16 de marzo se cumplen exactos 9 meses desde el fatal atropello que le cost\u00f3 la vida a la joven ancuditana Paulina Fuentes Villarroel de 28 a\u00f1os,..<\/p>\n","protected":false},"author":2,"featured_media":8324,"comment_status":"closed","ping_status":"open","sticky":false,"template":"","format":"standard","meta":{"footnotes":""},"categories":[1,28],"tags":[],"class_list":["post-8321","post","type-post","status-publish","format-standard","has-post-thumbnail","hentry","category-acontecer","category-actual"],"rttpg_featured_image_url":{"full":["https:\/\/elconquistadorredloslagos.cl\/test\/wp-content\/uploads\/2025\/03\/img-35.jpg",1920,1080,false],"landscape":["https:\/\/elconquistadorredloslagos.cl\/test\/wp-content\/uploads\/2025\/03\/img-35.jpg",1920,1080,false],"portraits":["https:\/\/elconquistadorredloslagos.cl\/test\/wp-content\/uploads\/2025\/03\/img-35.jpg",1920,1080,false],"thumbnail":["https:\/\/elconquistadorredloslagos.cl\/test\/wp-content\/uploads\/2025\/03\/img-35-150x150.jpg",150,150,true],"medium":["https:\/\/elconquistadorredloslagos.cl\/test\/wp-content\/uploads\/2025\/03\/img-35-300x169.jpg",300,169,true],"large":["https:\/\/elconquistadorredloslagos.cl\/test\/wp-content\/uploads\/2025\/03\/img-35-1024x576.jpg",1024,576,true],"1536x1536":["https:\/\/elconquistadorredloslagos.cl\/test\/wp-content\/uploads\/2025\/03\/img-35-1536x864.jpg",1536,864,true],"2048x2048":["https:\/\/elconquistadorredloslagos.cl\/test\/wp-content\/uploads\/2025\/03\/img-35.jpg",1920,1080,false]},"rttpg_author":{"display_name":"ccardenas","author_link":"https:\/\/elconquistadorredloslagos.cl\/test\/blog\/author\/ccardenas\/"},"rttpg_comment":0,"rttpg_category":"<a href=\"https:\/\/elconquistadorredloslagos.cl\/test\/blog\/category\/actual\/acontecer\/\" rel=\"category tag\">Acontecer<\/a> <a href=\"https:\/\/elconquistadorredloslagos.cl\/test\/blog\/category\/actual\/\" rel=\"category tag\">Actualidad<\/a>","rttpg_excerpt":"Este pr\u00f3ximo domingo 16 de marzo se cumplen exactos 9 meses desde el fatal atropello que le cost\u00f3 la vida a la joven ancuditana Paulina Fuentes Villarroel de 28 a\u00f1os,..","_links":{"self":[{"href":"https:\/\/elconquistadorredloslagos.cl\/test\/wp-json\/wp\/v2\/posts\/8321","targetHints":{"allow":["GET"]}}],"collection":[{"href":"https:\/\/elconquistadorredloslagos.cl\/test\/wp-json\/wp\/v2\/posts"}],"about":[{"href":"https:\/\/elconquistadorredloslagos.cl\/test\/wp-json\/wp\/v2\/types\/post"}],"author":[{"embeddable":true,"href":"https:\/\/elconquistadorredloslagos.cl\/test\/wp-json\/wp\/v2\/users\/2"}],"replies":[{"embeddable":true,"href":"https:\/\/elconquistadorredloslagos.cl\/test\/wp-json\/wp\/v2\/comments?post=8321"}],"version-history":[{"count":2,"href":"https:\/\/elconquistadorredloslagos.cl\/test\/wp-json\/wp\/v2\/posts\/8321\/revisions"}],"predecessor-version":[{"id":8360,"href":"https:\/\/elconquistadorredloslagos.cl\/test\/wp-json\/wp\/v2\/posts\/8321\/revisions\/8360"}],"wp:featuredmedia":[{"embeddable":true,"href":"https:\/\/elconquistadorredloslagos.cl\/test\/wp-json\/wp\/v2\/media\/8324"}],"wp:attachment":[{"href":"https:\/\/elconquistadorredloslagos.cl\/test\/wp-json\/wp\/v2\/media?parent=8321"}],"wp:term":[{"taxonomy":"category","embeddable":true,"href":"https:\/\/elconquistadorredloslagos.cl\/test\/wp-json\/wp\/v2\/categories?post=8321"},{"taxonomy":"post_tag","embeddable":true,"href":"https:\/\/elconquistadorredloslagos.cl\/test\/wp-json\/wp\/v2\/tags?post=8321"}],"curies":[{"name":"wp","href":"https:\/\/api.w.org\/{rel}","templated":true}]}}