{"id":8225,"date":"2025-03-12T14:25:47","date_gmt":"2025-03-12T17:25:47","guid":{"rendered":"https:\/\/elconquistadorredloslagos.cl\/test\/?p=8225"},"modified":"2025-03-12T17:21:29","modified_gmt":"2025-03-12T20:21:29","slug":"anuncia-suspension-de-transito-en-calles-aledanas-a-nuevo-hospital-en-ancud","status":"publish","type":"post","link":"https:\/\/elconquistadorredloslagos.cl\/test\/blog\/2025\/03\/12\/anuncia-suspension-de-transito-en-calles-aledanas-a-nuevo-hospital-en-ancud\/","title":{"rendered":"Anuncian suspensi\u00f3n de tr\u00e1nsito en calles aleda\u00f1as a nuevo hospital en Ancud"},"content":{"rendered":"\n<p>La Empresa Besalco S.A. solicit\u00f3 a la Direcci\u00f3n de Tr\u00e1nsito de la Municipalidad de Ancud, la interrumpir parcialmente dos v\u00edas, espec\u00edficamente en las calles \u201cPac\u00edfico\u201d y \u201cCircunvalaci\u00f3n\u201d del sector Altos de Caracoles, con el objeto de avanzar en las obras complementarias del nuevo hospital en la comuna norte de Chilo\u00e9.<\/p>\n\n\n\n<p>Desde el municipio, se indic\u00f3 que son trabajos relacionados con la se\u00f1alizaci\u00f3n vial y demarcaciones.<\/p>\n\n\n\n<p>Besalco S.A. se encargar\u00e1 de proporcionar la se\u00f1alizaci\u00f3n adecuada y de garantizar el paso de los peatones durante las obras de pavimentaci\u00f3n en estos accesos. Esta restricci\u00f3n se espera que se mantenga hasta el mes de agosto.<\/p>\n\n\n\n<p>En cuanto al edificio donde se emplazar\u00e1 el nuevo centro asistencial, este alcanza un avance superior al 99%.<\/p>\n","protected":false},"excerpt":{"rendered":"<p>La Empresa Besalco S.A. solicit\u00f3 a la Direcci\u00f3n de Tr\u00e1nsito de la Municipalidad de Ancud, la interrumpir parcialmente dos v\u00edas, espec\u00edficamente en las calles \u201cPac\u00edfico\u201d y \u201cCircunvalaci\u00f3n\u201d del sector Altos..<\/p>\n","protected":false},"author":2,"featured_media":8226,"comment_status":"closed","ping_status":"open","sticky":false,"template":"","format":"standard","meta":{"footnotes":""},"categories":[1,28],"tags":[],"class_list":["post-8225","post","type-post","status-publish","format-standard","has-post-thumbnail","hentry","category-acontecer","category-actual"],"rttpg_featured_image_url":{"full":["https:\/\/elconquistadorredloslagos.cl\/test\/wp-content\/uploads\/2025\/03\/Sin-titulo-1-7.jpg",1920,1080,false],"landscape":["https:\/\/elconquistadorredloslagos.cl\/test\/wp-content\/uploads\/2025\/03\/Sin-titulo-1-7.jpg",1920,1080,false],"portraits":["https:\/\/elconquistadorredloslagos.cl\/test\/wp-content\/uploads\/2025\/03\/Sin-titulo-1-7.jpg",1920,1080,false],"thumbnail":["https:\/\/elconquistadorredloslagos.cl\/test\/wp-content\/uploads\/2025\/03\/Sin-titulo-1-7-150x150.jpg",150,150,true],"medium":["https:\/\/elconquistadorredloslagos.cl\/test\/wp-content\/uploads\/2025\/03\/Sin-titulo-1-7-300x169.jpg",300,169,true],"large":["https:\/\/elconquistadorredloslagos.cl\/test\/wp-content\/uploads\/2025\/03\/Sin-titulo-1-7-1024x576.jpg",1024,576,true],"1536x1536":["https:\/\/elconquistadorredloslagos.cl\/test\/wp-content\/uploads\/2025\/03\/Sin-titulo-1-7-1536x864.jpg",1536,864,true],"2048x2048":["https:\/\/elconquistadorredloslagos.cl\/test\/wp-content\/uploads\/2025\/03\/Sin-titulo-1-7.jpg",1920,1080,false]},"rttpg_author":{"display_name":"ccardenas","author_link":"https:\/\/elconquistadorredloslagos.cl\/test\/blog\/author\/ccardenas\/"},"rttpg_comment":0,"rttpg_category":"<a href=\"https:\/\/elconquistadorredloslagos.cl\/test\/blog\/category\/actual\/acontecer\/\" rel=\"category tag\">Acontecer<\/a> <a href=\"https:\/\/elconquistadorredloslagos.cl\/test\/blog\/category\/actual\/\" rel=\"category tag\">Actualidad<\/a>","rttpg_excerpt":"La Empresa Besalco S.A. solicit\u00f3 a la Direcci\u00f3n de Tr\u00e1nsito de la Municipalidad de Ancud, la interrumpir parcialmente dos v\u00edas, espec\u00edficamente en las calles \u201cPac\u00edfico\u201d y \u201cCircunvalaci\u00f3n\u201d del sector Altos..","_links":{"self":[{"href":"https:\/\/elconquistadorredloslagos.cl\/test\/wp-json\/wp\/v2\/posts\/8225","targetHints":{"allow":["GET"]}}],"collection":[{"href":"https:\/\/elconquistadorredloslagos.cl\/test\/wp-json\/wp\/v2\/posts"}],"about":[{"href":"https:\/\/elconquistadorredloslagos.cl\/test\/wp-json\/wp\/v2\/types\/post"}],"author":[{"embeddable":true,"href":"https:\/\/elconquistadorredloslagos.cl\/test\/wp-json\/wp\/v2\/users\/2"}],"replies":[{"embeddable":true,"href":"https:\/\/elconquistadorredloslagos.cl\/test\/wp-json\/wp\/v2\/comments?post=8225"}],"version-history":[{"count":2,"href":"https:\/\/elconquistadorredloslagos.cl\/test\/wp-json\/wp\/v2\/posts\/8225\/revisions"}],"predecessor-version":[{"id":8239,"href":"https:\/\/elconquistadorredloslagos.cl\/test\/wp-json\/wp\/v2\/posts\/8225\/revisions\/8239"}],"wp:featuredmedia":[{"embeddable":true,"href":"https:\/\/elconquistadorredloslagos.cl\/test\/wp-json\/wp\/v2\/media\/8226"}],"wp:attachment":[{"href":"https:\/\/elconquistadorredloslagos.cl\/test\/wp-json\/wp\/v2\/media?parent=8225"}],"wp:term":[{"taxonomy":"category","embeddable":true,"href":"https:\/\/elconquistadorredloslagos.cl\/test\/wp-json\/wp\/v2\/categories?post=8225"},{"taxonomy":"post_tag","embeddable":true,"href":"https:\/\/elconquistadorredloslagos.cl\/test\/wp-json\/wp\/v2\/tags?post=8225"}],"curies":[{"name":"wp","href":"https:\/\/api.w.org\/{rel}","templated":true}]}}