{"id":8219,"date":"2025-03-12T13:43:03","date_gmt":"2025-03-12T16:43:03","guid":{"rendered":"https:\/\/elconquistadorredloslagos.cl\/test\/?p=8219"},"modified":"2025-03-12T13:43:03","modified_gmt":"2025-03-12T16:43:03","slug":"conaf-decreta-restriccion-para-el-uso-del-fuego-en-10-regiones-del-pais","status":"publish","type":"post","link":"https:\/\/elconquistadorredloslagos.cl\/test\/blog\/2025\/03\/12\/conaf-decreta-restriccion-para-el-uso-del-fuego-en-10-regiones-del-pais\/","title":{"rendered":"CONAF decreta restricci\u00f3n para el uso del fuego en 10 regiones del pa\u00eds"},"content":{"rendered":"\n<p>Un total de&nbsp;<strong>diez<\/strong>&nbsp;<strong>regiones del pa\u00eds<\/strong>&nbsp;se encuentran actualmente con la restricci\u00f3n de uso del fuego para la realizaci\u00f3n de quemas de los desechos agr\u00edcolas o forestales, medida que busca prevenir la ocurrencia de incendios forestales.&nbsp;<\/p>\n\n\n\n<p>As\u00ed lo inform\u00f3 la directora ejecutiva de la Corporaci\u00f3n Nacional Forestal (CONAF), A\u00edda Baldini, quien explic\u00f3 que \u201cla adopci\u00f3n de estas restricciones obedecen principalmente a condiciones ambientales desfavorables para mantener el fuego bajo control en este tipo de quemas y la recurrencia o simultaneidad de incendios forestales en estas zonas. Por ello, hacemos un llamado a respetar estas restricciones y as\u00ed nos ayudan en el conjunto de medidas de prevenci\u00f3n que se est\u00e1n realizando a nivel nacional\u201d.<\/p>\n\n\n\n<p><strong>Los Lagos <\/strong>es una de las regiones que tiene restricci\u00f3n y est\u00e1 en condiciones de concurrir a alguna oficina de CONAF para solicitar su comprobante de aviso de quemas de desechos agr\u00edcolas o forestales que otorga la Corporaci\u00f3n. La medida de suspensi\u00f3n del fuego se mantendr\u00e1 hasta el 31 de marzo de 2025.<\/p>\n\n\n\n<p>El resto de las regiones son:<\/p>\n\n\n\n<p><strong>Arica y Parinacota: <\/strong>permite el uso del fuego. Se debe tramitar el comprobante de aviso de quema en las oficinas habilitadas para el tramite.<\/p>\n\n\n\n<p><strong>Tarapac\u00e1: <\/strong>permite el uso del fuego. Se debe tramitar el comprobante de aviso de quema en las oficinas habilitadas para el tramite.<\/p>\n\n\n\n<p><strong>Antofagasta: <\/strong>permite el uso del fuego. Se debe tramitar el comprobante de aviso de quema en las oficinas habilitadas para el tramite.<\/p>\n\n\n\n<p><strong>Atacama:<\/strong> suspendido el uso del fuego, hasta el 15 de marzo de 2025.<\/p>\n\n\n\n<p><strong>Coquimbo:<\/strong> suspendido el uso del fuego, hasta el 31 de marzo de 2025.<\/p>\n\n\n\n<p><strong>Valpara\u00edso: <\/strong>suspendido el uso del fuego, hasta el 30 de abril de 2025.<\/p>\n\n\n\n<p><strong>Metropolitana: <\/strong>suspendido el uso del fuego, hasta el 31 de octubre de 2025.<\/p>\n\n\n\n<p><strong>O\u2019Higgins: <\/strong>permite el uso del fuego. Excepto comunas de Pumanque y Lolol y la provincia de Cardenal Caro.<\/p>\n\n\n\n<p><strong>Maule: <\/strong>suspendido el uso del fuego, hasta el 31 de marzo de 2025.<\/p>\n\n\n\n<p><strong>\u00d1uble: <\/strong>suspendido el uso del fuego, hasta nuevo aviso.<\/p>\n\n\n\n<p><strong>Biob\u00edo<\/strong>: permite el uso del fuego SOLO en la comuna de Mulch\u00e9n hasta el 20 de marzo de 2025. En el resto de la regi\u00f3n, la suspensi\u00f3n se mantiene hasta nuevo aviso.<\/p>\n\n\n\n<p><strong>La Araucan\u00eda: <\/strong>suspendido el uso del fuego hasta nuevo aviso.<\/p>\n\n\n\n<p><strong>Los R\u00edos: <\/strong>suspendido el uso del fuego, hasta el 15 de marzo de 2025.<\/p>\n\n\n\n<p><strong>Ays\u00e9n: <\/strong>suspendido el uso del fuego, hasta el 15 de marzo de 2025.<\/p>\n\n\n\n<p><strong>Magallanes: <\/strong>permite el uso del fuego. Excepto en la provincia de \u00daltima Esperanza.<\/p>\n","protected":false},"excerpt":{"rendered":"<p>Un total de&nbsp;diez&nbsp;regiones del pa\u00eds&nbsp;se encuentran actualmente con la restricci\u00f3n de uso del fuego para la realizaci\u00f3n de quemas de los desechos agr\u00edcolas o forestales, medida que busca prevenir la..<\/p>\n","protected":false},"author":2,"featured_media":8220,"comment_status":"closed","ping_status":"open","sticky":false,"template":"","format":"standard","meta":{"footnotes":""},"categories":[1,28],"tags":[],"class_list":["post-8219","post","type-post","status-publish","format-standard","has-post-thumbnail","hentry","category-acontecer","category-actual"],"rttpg_featured_image_url":{"full":["https:\/\/elconquistadorredloslagos.cl\/test\/wp-content\/uploads\/2025\/03\/Sin-titulo-1-5.jpg",1920,1080,false],"landscape":["https:\/\/elconquistadorredloslagos.cl\/test\/wp-content\/uploads\/2025\/03\/Sin-titulo-1-5.jpg",1920,1080,false],"portraits":["https:\/\/elconquistadorredloslagos.cl\/test\/wp-content\/uploads\/2025\/03\/Sin-titulo-1-5.jpg",1920,1080,false],"thumbnail":["https:\/\/elconquistadorredloslagos.cl\/test\/wp-content\/uploads\/2025\/03\/Sin-titulo-1-5-150x150.jpg",150,150,true],"medium":["https:\/\/elconquistadorredloslagos.cl\/test\/wp-content\/uploads\/2025\/03\/Sin-titulo-1-5-300x169.jpg",300,169,true],"large":["https:\/\/elconquistadorredloslagos.cl\/test\/wp-content\/uploads\/2025\/03\/Sin-titulo-1-5-1024x576.jpg",1024,576,true],"1536x1536":["https:\/\/elconquistadorredloslagos.cl\/test\/wp-content\/uploads\/2025\/03\/Sin-titulo-1-5-1536x864.jpg",1536,864,true],"2048x2048":["https:\/\/elconquistadorredloslagos.cl\/test\/wp-content\/uploads\/2025\/03\/Sin-titulo-1-5.jpg",1920,1080,false]},"rttpg_author":{"display_name":"ccardenas","author_link":"https:\/\/elconquistadorredloslagos.cl\/test\/blog\/author\/ccardenas\/"},"rttpg_comment":0,"rttpg_category":"<a href=\"https:\/\/elconquistadorredloslagos.cl\/test\/blog\/category\/actual\/acontecer\/\" rel=\"category tag\">Acontecer<\/a> <a href=\"https:\/\/elconquistadorredloslagos.cl\/test\/blog\/category\/actual\/\" rel=\"category tag\">Actualidad<\/a>","rttpg_excerpt":"Un total de&nbsp;diez&nbsp;regiones del pa\u00eds&nbsp;se encuentran actualmente con la restricci\u00f3n de uso del fuego para la realizaci\u00f3n de quemas de los desechos agr\u00edcolas o forestales, medida que busca prevenir la..","_links":{"self":[{"href":"https:\/\/elconquistadorredloslagos.cl\/test\/wp-json\/wp\/v2\/posts\/8219","targetHints":{"allow":["GET"]}}],"collection":[{"href":"https:\/\/elconquistadorredloslagos.cl\/test\/wp-json\/wp\/v2\/posts"}],"about":[{"href":"https:\/\/elconquistadorredloslagos.cl\/test\/wp-json\/wp\/v2\/types\/post"}],"author":[{"embeddable":true,"href":"https:\/\/elconquistadorredloslagos.cl\/test\/wp-json\/wp\/v2\/users\/2"}],"replies":[{"embeddable":true,"href":"https:\/\/elconquistadorredloslagos.cl\/test\/wp-json\/wp\/v2\/comments?post=8219"}],"version-history":[{"count":1,"href":"https:\/\/elconquistadorredloslagos.cl\/test\/wp-json\/wp\/v2\/posts\/8219\/revisions"}],"predecessor-version":[{"id":8221,"href":"https:\/\/elconquistadorredloslagos.cl\/test\/wp-json\/wp\/v2\/posts\/8219\/revisions\/8221"}],"wp:featuredmedia":[{"embeddable":true,"href":"https:\/\/elconquistadorredloslagos.cl\/test\/wp-json\/wp\/v2\/media\/8220"}],"wp:attachment":[{"href":"https:\/\/elconquistadorredloslagos.cl\/test\/wp-json\/wp\/v2\/media?parent=8219"}],"wp:term":[{"taxonomy":"category","embeddable":true,"href":"https:\/\/elconquistadorredloslagos.cl\/test\/wp-json\/wp\/v2\/categories?post=8219"},{"taxonomy":"post_tag","embeddable":true,"href":"https:\/\/elconquistadorredloslagos.cl\/test\/wp-json\/wp\/v2\/tags?post=8219"}],"curies":[{"name":"wp","href":"https:\/\/api.w.org\/{rel}","templated":true}]}}