{"id":8174,"date":"2025-03-11T18:08:25","date_gmt":"2025-03-11T21:08:25","guid":{"rendered":"https:\/\/elconquistadorredloslagos.cl\/test\/?p=8174"},"modified":"2025-03-11T18:08:25","modified_gmt":"2025-03-11T21:08:25","slug":"chiloe-entregan-material-terapeutico-y-didactico-a-usuarios-de-salud-mental-y-psiquiatria-de-la-red-hospitalaria","status":"publish","type":"post","link":"https:\/\/elconquistadorredloslagos.cl\/test\/blog\/2025\/03\/11\/chiloe-entregan-material-terapeutico-y-didactico-a-usuarios-de-salud-mental-y-psiquiatria-de-la-red-hospitalaria\/","title":{"rendered":"Chilo\u00e9: entregan material terap\u00e9utico y did\u00e1ctico a usuarios de Salud Mental y Psiquiatr\u00eda de la Red hospitalaria"},"content":{"rendered":"\n<p>Con el objetivo de fortalecer el trabajo y acceso a la salud integral de ni\u00f1os, ni\u00f1as, adolescentes y j\u00f3venes de los Servicios de Protecci\u00f3n Especializada, hasta las Unidades de Salud Mental del Hospital Comunitario de Queilen, Quell\u00f3n, Ancud, Achao y Castro llegaron profesionales del sub departamento de Salud Mental del Servicio de Salud Chilo\u00e9, para entregar material terap\u00e9utico y did\u00e1ctico destinado a usuarios de Salud Mental y Psiquiatr\u00eda de la Red hospitalaria, especialmente para la poblaci\u00f3n Infanto Juvenil.<\/p>\n\n\n\n<p>Durante la primera jornada, el material did\u00e1ctico fue entregado de manos de la gestora intersectorial, Paz Vargas, al director del hospital comunitario de Queilen, Fabi\u00e1n Barrientos, quien explic\u00f3 la importancia del aporte emanado: \u00abEste aporte que nos est\u00e1 realizando el Servicio Salud Chilo\u00e9, a trav\u00e9s de la directora y en este caso del subdepartamento de salud mental ser\u00e1 de gran utilidad e impacto para el equipo nuestro, en especial para poder trabajar con la poblaci\u00f3n infanto juvenil donde se debe hacer un tratamiento y una conducta terap\u00e9utica diferente a los adultos\u00bb.<\/p>\n\n\n\n<p>En tanto el psic\u00f3logo de la Unidad de Salud Mental del hospital de Quell\u00f3n, V\u00edctor C\u00f3rdova subray\u00f3 que esta entrega es una herramienta que permitir\u00e1 \u201cabordar terap\u00e9uticamente y desde otra mirada el proceso cl\u00ednico de los usuarios, porque esto nos permite poder llegar a estrategias que puedan ser m\u00e1s amigables y quiz\u00e1s con el tiempo poder fomentar estrategias\u201d.<\/p>\n\n\n\n<p>La entrega continu\u00f3 en una segunda jornada, a los equipos de los hospitales de Ancud y Achao, junto al jefe del sub departamento de Salud Mental, el psic\u00f3logo David Ortega, quien destac\u00f3 que estas iniciativas facilitan la comunicaci\u00f3n e intervenci\u00f3n para mejorar la calidad de la atenci\u00f3n.<\/p>\n\n\n\n<p>La entrega del material terap\u00e9utico finaliz\u00f3 el pasado viernes, destin\u00e1ndose al Centro de Salud Mental y Psiquiatr\u00eda del Hospital de Castro, a los equipos de psiquiatr\u00eda infanto juvenil ambulatorio, de enlace y para las duplas del GES 86, PAIG y dupla IVE.<\/p>\n","protected":false},"excerpt":{"rendered":"<p>Con el objetivo de fortalecer el trabajo y acceso a la salud integral de ni\u00f1os, ni\u00f1as, adolescentes y j\u00f3venes de los Servicios de Protecci\u00f3n Especializada, hasta las Unidades de Salud..<\/p>\n","protected":false},"author":2,"featured_media":8178,"comment_status":"closed","ping_status":"open","sticky":false,"template":"","format":"standard","meta":{"footnotes":""},"categories":[28],"tags":[],"class_list":["post-8174","post","type-post","status-publish","format-standard","has-post-thumbnail","hentry","category-actual"],"rttpg_featured_image_url":{"full":["https:\/\/elconquistadorredloslagos.cl\/test\/wp-content\/uploads\/2025\/03\/Sin-titulo-2-4.jpg",1920,1080,false],"landscape":["https:\/\/elconquistadorredloslagos.cl\/test\/wp-content\/uploads\/2025\/03\/Sin-titulo-2-4.jpg",1920,1080,false],"portraits":["https:\/\/elconquistadorredloslagos.cl\/test\/wp-content\/uploads\/2025\/03\/Sin-titulo-2-4.jpg",1920,1080,false],"thumbnail":["https:\/\/elconquistadorredloslagos.cl\/test\/wp-content\/uploads\/2025\/03\/Sin-titulo-2-4-150x150.jpg",150,150,true],"medium":["https:\/\/elconquistadorredloslagos.cl\/test\/wp-content\/uploads\/2025\/03\/Sin-titulo-2-4-300x169.jpg",300,169,true],"large":["https:\/\/elconquistadorredloslagos.cl\/test\/wp-content\/uploads\/2025\/03\/Sin-titulo-2-4-1024x576.jpg",1024,576,true],"1536x1536":["https:\/\/elconquistadorredloslagos.cl\/test\/wp-content\/uploads\/2025\/03\/Sin-titulo-2-4-1536x864.jpg",1536,864,true],"2048x2048":["https:\/\/elconquistadorredloslagos.cl\/test\/wp-content\/uploads\/2025\/03\/Sin-titulo-2-4.jpg",1920,1080,false]},"rttpg_author":{"display_name":"ccardenas","author_link":"https:\/\/elconquistadorredloslagos.cl\/test\/blog\/author\/ccardenas\/"},"rttpg_comment":0,"rttpg_category":"<a href=\"https:\/\/elconquistadorredloslagos.cl\/test\/blog\/category\/actual\/\" rel=\"category tag\">Actualidad<\/a>","rttpg_excerpt":"Con el objetivo de fortalecer el trabajo y acceso a la salud integral de ni\u00f1os, ni\u00f1as, adolescentes y j\u00f3venes de los Servicios de Protecci\u00f3n Especializada, hasta las Unidades de Salud..","_links":{"self":[{"href":"https:\/\/elconquistadorredloslagos.cl\/test\/wp-json\/wp\/v2\/posts\/8174","targetHints":{"allow":["GET"]}}],"collection":[{"href":"https:\/\/elconquistadorredloslagos.cl\/test\/wp-json\/wp\/v2\/posts"}],"about":[{"href":"https:\/\/elconquistadorredloslagos.cl\/test\/wp-json\/wp\/v2\/types\/post"}],"author":[{"embeddable":true,"href":"https:\/\/elconquistadorredloslagos.cl\/test\/wp-json\/wp\/v2\/users\/2"}],"replies":[{"embeddable":true,"href":"https:\/\/elconquistadorredloslagos.cl\/test\/wp-json\/wp\/v2\/comments?post=8174"}],"version-history":[{"count":1,"href":"https:\/\/elconquistadorredloslagos.cl\/test\/wp-json\/wp\/v2\/posts\/8174\/revisions"}],"predecessor-version":[{"id":8179,"href":"https:\/\/elconquistadorredloslagos.cl\/test\/wp-json\/wp\/v2\/posts\/8174\/revisions\/8179"}],"wp:featuredmedia":[{"embeddable":true,"href":"https:\/\/elconquistadorredloslagos.cl\/test\/wp-json\/wp\/v2\/media\/8178"}],"wp:attachment":[{"href":"https:\/\/elconquistadorredloslagos.cl\/test\/wp-json\/wp\/v2\/media?parent=8174"}],"wp:term":[{"taxonomy":"category","embeddable":true,"href":"https:\/\/elconquistadorredloslagos.cl\/test\/wp-json\/wp\/v2\/categories?post=8174"},{"taxonomy":"post_tag","embeddable":true,"href":"https:\/\/elconquistadorredloslagos.cl\/test\/wp-json\/wp\/v2\/tags?post=8174"}],"curies":[{"name":"wp","href":"https:\/\/api.w.org\/{rel}","templated":true}]}}