{"id":8170,"date":"2025-03-11T16:55:14","date_gmt":"2025-03-11T19:55:14","guid":{"rendered":"https:\/\/elconquistadorredloslagos.cl\/test\/?p=8170"},"modified":"2025-03-11T16:55:15","modified_gmt":"2025-03-11T19:55:15","slug":"ancud-tortuga-fue-rescatada-y-se-recupera-en-el-centro-de-conservacion-chiloe-silvestre","status":"publish","type":"post","link":"https:\/\/elconquistadorredloslagos.cl\/test\/blog\/2025\/03\/11\/ancud-tortuga-fue-rescatada-y-se-recupera-en-el-centro-de-conservacion-chiloe-silvestre\/","title":{"rendered":"Ancud: tortuga fue rescatada y se recupera en el Centro de Conservaci\u00f3n \u201cChilo\u00e9 Silvestre\u201d"},"content":{"rendered":"\n<p>En proceso de recuperaci\u00f3n se mantiene una tortuga oliv\u00e1cea, la cual apareci\u00f3 varada en el sector de pasarela Pupelde en Ancud, a orillas del r\u00edo Pudeto.<\/p>\n\n\n\n<p>Se trata de un ejemplar juvenil que fue visto por pobladores del lugar, quienes informaron del hallazgo al Servicio Nacional de Pesca y Acuicultura (SERNAPESCA). Tras ello, personal de la entidad, quienes contaban con una jaula, trasladaron al animal hasta las dependencias del Centro de Conservaci\u00f3n de la Biodiversidad de \u201cChilo\u00e9 Silvestre\u201d en Nal Bajo.<\/p>\n\n\n\n<p>La tortuga contaba con algunas lesiones en sus aletas, adem\u00e1s de algunas complicaciones por su temperatura corporal, siendo estabilizada.<\/p>\n\n\n\n<p>Desde la instituci\u00f3n se indic\u00f3 que se trata de una situaci\u00f3n que ya ha ocurrido en otras ocasiones. Esta tortuga proviene aguas c\u00e1lidas, no obstante en algunas oportunidades por diversos factores terminan varadas.<\/p>\n\n\n\n<p>\ud83c\udfa5 chiloesilvestre &#8211; Instagram<\/p>\n\n\n\n<figure class=\"wp-block-video\"><video height=\"720\" style=\"aspect-ratio: 1280 \/ 720;\" width=\"1280\" controls src=\"https:\/\/elconquistadorredloslagos.cl\/test\/wp-content\/uploads\/2025\/03\/videotortuga.mp4\"><\/video><\/figure>\n\n\n\n<p>\ud83d\udcf7 <a href=\"https:\/\/www.facebook.com\/movimientodefendamoschiloe?__cft__[0]=AZVWT80CKV8eeJu3T6DgDY6bRc67X8KYbbwFwoIn2NOhKpGUWeI8GiLBHVSRAxMEy0BBuerydgar0RVurhkgE6PWLWJIFO-A5Psw1h5VvxT_9vaZXEeUyu7pTWe6oeME7L08XMYnt3hQO5geQRqsP6eK-kaUAoH-wMZDWacDce6eauZFj64J7nfuVZdKssUWiBY&amp;__tn__=-UC%2CP-R\"><strong>Defendamos Chilo\u00e9<\/strong><\/a> &#8211; Facebook<\/p>\n","protected":false},"excerpt":{"rendered":"<p>En proceso de recuperaci\u00f3n se mantiene una tortuga oliv\u00e1cea, la cual apareci\u00f3 varada en el sector de pasarela Pupelde en Ancud, a orillas del r\u00edo Pudeto. Se trata de un..<\/p>\n","protected":false},"author":2,"featured_media":8171,"comment_status":"closed","ping_status":"open","sticky":false,"template":"","format":"standard","meta":{"footnotes":""},"categories":[1,28],"tags":[],"class_list":["post-8170","post","type-post","status-publish","format-standard","has-post-thumbnail","hentry","category-acontecer","category-actual"],"rttpg_featured_image_url":{"full":["https:\/\/elconquistadorredloslagos.cl\/test\/wp-content\/uploads\/2025\/03\/tortuga.jpg",1920,1080,false],"landscape":["https:\/\/elconquistadorredloslagos.cl\/test\/wp-content\/uploads\/2025\/03\/tortuga.jpg",1920,1080,false],"portraits":["https:\/\/elconquistadorredloslagos.cl\/test\/wp-content\/uploads\/2025\/03\/tortuga.jpg",1920,1080,false],"thumbnail":["https:\/\/elconquistadorredloslagos.cl\/test\/wp-content\/uploads\/2025\/03\/tortuga-150x150.jpg",150,150,true],"medium":["https:\/\/elconquistadorredloslagos.cl\/test\/wp-content\/uploads\/2025\/03\/tortuga-300x169.jpg",300,169,true],"large":["https:\/\/elconquistadorredloslagos.cl\/test\/wp-content\/uploads\/2025\/03\/tortuga-1024x576.jpg",1024,576,true],"1536x1536":["https:\/\/elconquistadorredloslagos.cl\/test\/wp-content\/uploads\/2025\/03\/tortuga-1536x864.jpg",1536,864,true],"2048x2048":["https:\/\/elconquistadorredloslagos.cl\/test\/wp-content\/uploads\/2025\/03\/tortuga.jpg",1920,1080,false]},"rttpg_author":{"display_name":"ccardenas","author_link":"https:\/\/elconquistadorredloslagos.cl\/test\/blog\/author\/ccardenas\/"},"rttpg_comment":0,"rttpg_category":"<a href=\"https:\/\/elconquistadorredloslagos.cl\/test\/blog\/category\/actual\/acontecer\/\" rel=\"category tag\">Acontecer<\/a> <a href=\"https:\/\/elconquistadorredloslagos.cl\/test\/blog\/category\/actual\/\" rel=\"category tag\">Actualidad<\/a>","rttpg_excerpt":"En proceso de recuperaci\u00f3n se mantiene una tortuga oliv\u00e1cea, la cual apareci\u00f3 varada en el sector de pasarela Pupelde en Ancud, a orillas del r\u00edo Pudeto. Se trata de un..","_links":{"self":[{"href":"https:\/\/elconquistadorredloslagos.cl\/test\/wp-json\/wp\/v2\/posts\/8170","targetHints":{"allow":["GET"]}}],"collection":[{"href":"https:\/\/elconquistadorredloslagos.cl\/test\/wp-json\/wp\/v2\/posts"}],"about":[{"href":"https:\/\/elconquistadorredloslagos.cl\/test\/wp-json\/wp\/v2\/types\/post"}],"author":[{"embeddable":true,"href":"https:\/\/elconquistadorredloslagos.cl\/test\/wp-json\/wp\/v2\/users\/2"}],"replies":[{"embeddable":true,"href":"https:\/\/elconquistadorredloslagos.cl\/test\/wp-json\/wp\/v2\/comments?post=8170"}],"version-history":[{"count":1,"href":"https:\/\/elconquistadorredloslagos.cl\/test\/wp-json\/wp\/v2\/posts\/8170\/revisions"}],"predecessor-version":[{"id":8173,"href":"https:\/\/elconquistadorredloslagos.cl\/test\/wp-json\/wp\/v2\/posts\/8170\/revisions\/8173"}],"wp:featuredmedia":[{"embeddable":true,"href":"https:\/\/elconquistadorredloslagos.cl\/test\/wp-json\/wp\/v2\/media\/8171"}],"wp:attachment":[{"href":"https:\/\/elconquistadorredloslagos.cl\/test\/wp-json\/wp\/v2\/media?parent=8170"}],"wp:term":[{"taxonomy":"category","embeddable":true,"href":"https:\/\/elconquistadorredloslagos.cl\/test\/wp-json\/wp\/v2\/categories?post=8170"},{"taxonomy":"post_tag","embeddable":true,"href":"https:\/\/elconquistadorredloslagos.cl\/test\/wp-json\/wp\/v2\/tags?post=8170"}],"curies":[{"name":"wp","href":"https:\/\/api.w.org\/{rel}","templated":true}]}}