{"id":8159,"date":"2025-03-11T14:02:25","date_gmt":"2025-03-11T17:02:25","guid":{"rendered":"https:\/\/elconquistadorredloslagos.cl\/test\/?p=8159"},"modified":"2025-03-11T17:58:17","modified_gmt":"2025-03-11T20:58:17","slug":"dia-historico-para-chonchi-con-el-inicio-oficial-del-funcionamiento-de-sus-primeros-semaforos","status":"publish","type":"post","link":"https:\/\/elconquistadorredloslagos.cl\/test\/blog\/2025\/03\/11\/dia-historico-para-chonchi-con-el-inicio-oficial-del-funcionamiento-de-sus-primeros-semaforos\/","title":{"rendered":"D\u00eda hist\u00f3rico para Chonchi con el inicio oficial del funcionamiento de sus primeros sem\u00e1foros"},"content":{"rendered":"\n<p>Hoy martes comenz\u00f3 oficialmente la puesta en marcha del primer cruce semaforizado de la comuna de Chonchi, ubicado en calle Sargento Candelaria con Centenario.<\/p>\n\n\n\n<p>Su materializaci\u00f3n, forma parte de un proyecto conjunto que beneficia a las comunas de Chonchi y Quell\u00f3n, destac\u00e1ndose la integraci\u00f3n de los sem\u00e1foros de ambas ciudades a la Unidad Operativa de Control de Tr\u00e1nsito (UOCT).<\/p>\n\n\n\n<p>El alcalde Fernando Oyarz\u00fan destac\u00f3 la importancia de esta iniciativa financiada por el Gobierno Regional, con una inversi\u00f3n superior a 100 millones de pesos. \u201cEste sem\u00e1foro permitir\u00e1 ordenar el tr\u00e1nsito y brindar mayor seguridad a nuestros vecinos y conductores. Era un proyecto muy esperado y hoy damos un paso importante para mejorar la movilidad en nuestra comuna\u201d, precis\u00f3.<\/p>\n\n\n\n<p>El Seremi de Transportes, Pablo Joost, indic\u00f3 que esta nueva infraestructura vial tiene como objetivo mejorar la movilidad de los usuarios, con disminuciones en tiempos de viaje y detenciones en las v\u00edas estructurantes en al menos un 15%.<\/p>\n\n\n\n<figure class=\"wp-block-audio\"><audio controls src=\"https:\/\/elconquistadorredloslagos.cl\/test\/wp-content\/uploads\/2025\/03\/PABLO-JOOST.mp3\"><\/audio><\/figure>\n\n\n\n<p>Similares palabras las del delegado presidencial en Chilo\u00e9, Marcelo Malague\u00f1o.<\/p>\n\n\n\n<figure class=\"wp-block-audio\"><audio controls src=\"https:\/\/elconquistadorredloslagos.cl\/test\/wp-content\/uploads\/2025\/03\/CUNA-DELEGADO-1.mp3\"><\/audio><\/figure>\n\n\n\n<p>La moderna se\u00f1al\u00e9tica posee c\u00e1maras de monitoreo y unidades de respaldo energ\u00e9tico, pudiendo contar con una operatividad 3 horas aproximadamente, en caso de alguna fallas en el suministro el\u00e9ctrico.<\/p>\n","protected":false},"excerpt":{"rendered":"<p>Hoy martes comenz\u00f3 oficialmente la puesta en marcha del primer cruce semaforizado de la comuna de Chonchi, ubicado en calle Sargento Candelaria con Centenario. Su materializaci\u00f3n, forma parte de un..<\/p>\n","protected":false},"author":2,"featured_media":8162,"comment_status":"closed","ping_status":"open","sticky":false,"template":"","format":"standard","meta":{"footnotes":""},"categories":[1,28,27,29],"tags":[],"class_list":["post-8159","post","type-post","status-publish","format-standard","has-post-thumbnail","hentry","category-acontecer","category-actual","category-tecnologia","category-turismo"],"rttpg_featured_image_url":{"full":["https:\/\/elconquistadorredloslagos.cl\/test\/wp-content\/uploads\/2025\/03\/Sin-titulo-2-2.jpg",1920,1080,false],"landscape":["https:\/\/elconquistadorredloslagos.cl\/test\/wp-content\/uploads\/2025\/03\/Sin-titulo-2-2.jpg",1920,1080,false],"portraits":["https:\/\/elconquistadorredloslagos.cl\/test\/wp-content\/uploads\/2025\/03\/Sin-titulo-2-2.jpg",1920,1080,false],"thumbnail":["https:\/\/elconquistadorredloslagos.cl\/test\/wp-content\/uploads\/2025\/03\/Sin-titulo-2-2-150x150.jpg",150,150,true],"medium":["https:\/\/elconquistadorredloslagos.cl\/test\/wp-content\/uploads\/2025\/03\/Sin-titulo-2-2-300x169.jpg",300,169,true],"large":["https:\/\/elconquistadorredloslagos.cl\/test\/wp-content\/uploads\/2025\/03\/Sin-titulo-2-2-1024x576.jpg",1024,576,true],"1536x1536":["https:\/\/elconquistadorredloslagos.cl\/test\/wp-content\/uploads\/2025\/03\/Sin-titulo-2-2-1536x864.jpg",1536,864,true],"2048x2048":["https:\/\/elconquistadorredloslagos.cl\/test\/wp-content\/uploads\/2025\/03\/Sin-titulo-2-2.jpg",1920,1080,false]},"rttpg_author":{"display_name":"ccardenas","author_link":"https:\/\/elconquistadorredloslagos.cl\/test\/blog\/author\/ccardenas\/"},"rttpg_comment":0,"rttpg_category":"<a href=\"https:\/\/elconquistadorredloslagos.cl\/test\/blog\/category\/actual\/acontecer\/\" rel=\"category tag\">Acontecer<\/a> <a href=\"https:\/\/elconquistadorredloslagos.cl\/test\/blog\/category\/actual\/\" rel=\"category tag\">Actualidad<\/a> <a href=\"https:\/\/elconquistadorredloslagos.cl\/test\/blog\/category\/actual\/tecnologia\/\" rel=\"category tag\">Tecnologias<\/a> <a href=\"https:\/\/elconquistadorredloslagos.cl\/test\/blog\/category\/actual\/turismo\/\" rel=\"category tag\">Turismo<\/a>","rttpg_excerpt":"Hoy martes comenz\u00f3 oficialmente la puesta en marcha del primer cruce semaforizado de la comuna de Chonchi, ubicado en calle Sargento Candelaria con Centenario. Su materializaci\u00f3n, forma parte de un..","_links":{"self":[{"href":"https:\/\/elconquistadorredloslagos.cl\/test\/wp-json\/wp\/v2\/posts\/8159","targetHints":{"allow":["GET"]}}],"collection":[{"href":"https:\/\/elconquistadorredloslagos.cl\/test\/wp-json\/wp\/v2\/posts"}],"about":[{"href":"https:\/\/elconquistadorredloslagos.cl\/test\/wp-json\/wp\/v2\/types\/post"}],"author":[{"embeddable":true,"href":"https:\/\/elconquistadorredloslagos.cl\/test\/wp-json\/wp\/v2\/users\/2"}],"replies":[{"embeddable":true,"href":"https:\/\/elconquistadorredloslagos.cl\/test\/wp-json\/wp\/v2\/comments?post=8159"}],"version-history":[{"count":2,"href":"https:\/\/elconquistadorredloslagos.cl\/test\/wp-json\/wp\/v2\/posts\/8159\/revisions"}],"predecessor-version":[{"id":8176,"href":"https:\/\/elconquistadorredloslagos.cl\/test\/wp-json\/wp\/v2\/posts\/8159\/revisions\/8176"}],"wp:featuredmedia":[{"embeddable":true,"href":"https:\/\/elconquistadorredloslagos.cl\/test\/wp-json\/wp\/v2\/media\/8162"}],"wp:attachment":[{"href":"https:\/\/elconquistadorredloslagos.cl\/test\/wp-json\/wp\/v2\/media?parent=8159"}],"wp:term":[{"taxonomy":"category","embeddable":true,"href":"https:\/\/elconquistadorredloslagos.cl\/test\/wp-json\/wp\/v2\/categories?post=8159"},{"taxonomy":"post_tag","embeddable":true,"href":"https:\/\/elconquistadorredloslagos.cl\/test\/wp-json\/wp\/v2\/tags?post=8159"}],"curies":[{"name":"wp","href":"https:\/\/api.w.org\/{rel}","templated":true}]}}