{"id":8154,"date":"2025-03-11T13:20:28","date_gmt":"2025-03-11T16:20:28","guid":{"rendered":"https:\/\/elconquistadorredloslagos.cl\/test\/?p=8154"},"modified":"2025-03-11T18:30:56","modified_gmt":"2025-03-11T21:30:56","slug":"polemica-rechazan-mocion-de-censura-en-contra-de-la-diputada-pc-karol-cariola","status":"publish","type":"post","link":"https:\/\/elconquistadorredloslagos.cl\/test\/blog\/2025\/03\/11\/polemica-rechazan-mocion-de-censura-en-contra-de-la-diputada-pc-karol-cariola\/","title":{"rendered":"Pol\u00e9mica: rechazan moci\u00f3n de censura en contra de la diputada PC Karol Cariola"},"content":{"rendered":"\n<p>Por 51 votos a favor, 72 en contra y una abstenci\u00f3n, este martes se rechaz\u00f3 la moci\u00f3n de censura contra la mesa de la C\u00e1mara de Diputados y Diputadas, presidida por la diputada Karol Cariola (PC). La parlamentaria de Distrito 9 por la Regi\u00f3n Metropolitana, lleg\u00f3 hasta el Congreso junto a su hijo reci\u00e9n nacido.<\/p>\n\n\n\n<p>Ayer lunes, fue el d\u00eda en que la diputada Sara Concha, presidenta del Partido Social Cristiano (PSC), ratific\u00f3 la presentaci\u00f3n de una censura en contra de la mesa de la C\u00e1mara. El objetivo era concretar la salida de Cariola de la presidencia de la instancia legislativa.<\/p>\n\n\n\n<p>Recordar que la situaci\u00f3n se da tras la investigaci\u00f3n del Ministerio P\u00fablico en contra de la diputada del Partido Comunista, por presunto tr\u00e1fico de influencias que involucra tambi\u00e9n militante del PC y exalcaldesa de Santiago, Irac\u00ed Hassler.<\/p>\n\n\n\n<p>Luego de la bullada votaci\u00f3n, Cariola manifest\u00f3 que arrib\u00f3 hasta el Congreso \u201cinterrumpiendo su postnatal\u201d.<\/p>\n\n\n\n<figure class=\"wp-block-audio\"><audio controls src=\"https:\/\/elconquistadorredloslagos.cl\/test\/wp-content\/uploads\/2025\/03\/KAROL-CARIOLA-1.mp3\"><\/audio><\/figure>\n\n\n\n<p>Insisti\u00f3 Cariola, que se trata de una situaci\u00f3n compleja, en base a un \u201cinforme desprolijo\u201d.<\/p>\n\n\n\n<figure class=\"wp-block-audio\"><audio controls src=\"https:\/\/elconquistadorredloslagos.cl\/test\/wp-content\/uploads\/2025\/03\/KAROL-CARIOLA-2.mp3\"><\/audio><\/figure>\n\n\n\n<p>Los 10 minutos de reclamaci\u00f3n los hizo la diputada del Partido Social Cristiano, Sara Concha; mientras que en la defensa de Cariola habl\u00f3 la diputada Daniella Cicardini (PS).<\/p>\n","protected":false},"excerpt":{"rendered":"<p>Por 51 votos a favor, 72 en contra y una abstenci\u00f3n, este martes se rechaz\u00f3 la moci\u00f3n de censura contra la mesa de la C\u00e1mara de Diputados y Diputadas, presidida..<\/p>\n","protected":false},"author":2,"featured_media":8157,"comment_status":"closed","ping_status":"open","sticky":false,"template":"","format":"standard","meta":{"footnotes":""},"categories":[1,28,38],"tags":[],"class_list":["post-8154","post","type-post","status-publish","format-standard","has-post-thumbnail","hentry","category-acontecer","category-actual","category-politica"],"rttpg_featured_image_url":{"full":["https:\/\/elconquistadorredloslagos.cl\/test\/wp-content\/uploads\/2025\/03\/Sin-titulo-2-1.jpg",1920,1080,false],"landscape":["https:\/\/elconquistadorredloslagos.cl\/test\/wp-content\/uploads\/2025\/03\/Sin-titulo-2-1.jpg",1920,1080,false],"portraits":["https:\/\/elconquistadorredloslagos.cl\/test\/wp-content\/uploads\/2025\/03\/Sin-titulo-2-1.jpg",1920,1080,false],"thumbnail":["https:\/\/elconquistadorredloslagos.cl\/test\/wp-content\/uploads\/2025\/03\/Sin-titulo-2-1-150x150.jpg",150,150,true],"medium":["https:\/\/elconquistadorredloslagos.cl\/test\/wp-content\/uploads\/2025\/03\/Sin-titulo-2-1-300x169.jpg",300,169,true],"large":["https:\/\/elconquistadorredloslagos.cl\/test\/wp-content\/uploads\/2025\/03\/Sin-titulo-2-1-1024x576.jpg",1024,576,true],"1536x1536":["https:\/\/elconquistadorredloslagos.cl\/test\/wp-content\/uploads\/2025\/03\/Sin-titulo-2-1-1536x864.jpg",1536,864,true],"2048x2048":["https:\/\/elconquistadorredloslagos.cl\/test\/wp-content\/uploads\/2025\/03\/Sin-titulo-2-1.jpg",1920,1080,false]},"rttpg_author":{"display_name":"ccardenas","author_link":"https:\/\/elconquistadorredloslagos.cl\/test\/blog\/author\/ccardenas\/"},"rttpg_comment":0,"rttpg_category":"<a href=\"https:\/\/elconquistadorredloslagos.cl\/test\/blog\/category\/actual\/acontecer\/\" rel=\"category tag\">Acontecer<\/a> <a href=\"https:\/\/elconquistadorredloslagos.cl\/test\/blog\/category\/actual\/\" rel=\"category tag\">Actualidad<\/a> <a href=\"https:\/\/elconquistadorredloslagos.cl\/test\/blog\/category\/actual\/politica\/\" rel=\"category tag\">Politica<\/a>","rttpg_excerpt":"Por 51 votos a favor, 72 en contra y una abstenci\u00f3n, este martes se rechaz\u00f3 la moci\u00f3n de censura contra la mesa de la C\u00e1mara de Diputados y Diputadas, presidida..","_links":{"self":[{"href":"https:\/\/elconquistadorredloslagos.cl\/test\/wp-json\/wp\/v2\/posts\/8154","targetHints":{"allow":["GET"]}}],"collection":[{"href":"https:\/\/elconquistadorredloslagos.cl\/test\/wp-json\/wp\/v2\/posts"}],"about":[{"href":"https:\/\/elconquistadorredloslagos.cl\/test\/wp-json\/wp\/v2\/types\/post"}],"author":[{"embeddable":true,"href":"https:\/\/elconquistadorredloslagos.cl\/test\/wp-json\/wp\/v2\/users\/2"}],"replies":[{"embeddable":true,"href":"https:\/\/elconquistadorredloslagos.cl\/test\/wp-json\/wp\/v2\/comments?post=8154"}],"version-history":[{"count":1,"href":"https:\/\/elconquistadorredloslagos.cl\/test\/wp-json\/wp\/v2\/posts\/8154\/revisions"}],"predecessor-version":[{"id":8158,"href":"https:\/\/elconquistadorredloslagos.cl\/test\/wp-json\/wp\/v2\/posts\/8154\/revisions\/8158"}],"wp:featuredmedia":[{"embeddable":true,"href":"https:\/\/elconquistadorredloslagos.cl\/test\/wp-json\/wp\/v2\/media\/8157"}],"wp:attachment":[{"href":"https:\/\/elconquistadorredloslagos.cl\/test\/wp-json\/wp\/v2\/media?parent=8154"}],"wp:term":[{"taxonomy":"category","embeddable":true,"href":"https:\/\/elconquistadorredloslagos.cl\/test\/wp-json\/wp\/v2\/categories?post=8154"},{"taxonomy":"post_tag","embeddable":true,"href":"https:\/\/elconquistadorredloslagos.cl\/test\/wp-json\/wp\/v2\/tags?post=8154"}],"curies":[{"name":"wp","href":"https:\/\/api.w.org\/{rel}","templated":true}]}}