{"id":8149,"date":"2025-03-11T11:02:59","date_gmt":"2025-03-11T14:02:59","guid":{"rendered":"https:\/\/elconquistadorredloslagos.cl\/test\/?p=8149"},"modified":"2025-03-11T11:03:00","modified_gmt":"2025-03-11T14:03:00","slug":"osorno-detienen-a-tres-delincuentes-con-vehiculo-robado-y-por-uso-de-inhibidor-de-senal","status":"publish","type":"post","link":"https:\/\/elconquistadorredloslagos.cl\/test\/blog\/2025\/03\/11\/osorno-detienen-a-tres-delincuentes-con-vehiculo-robado-y-por-uso-de-inhibidor-de-senal\/","title":{"rendered":"Osorno: Detienen a tres delincuentes con veh\u00edculo robado y por uso de inhibidor de se\u00f1al"},"content":{"rendered":"\n<p> <em><strong><br><\/strong><\/em><br>Durante la madrugada de este martes, <strong>Carabineros de la Primera Comisar\u00eda de Osorno<\/strong> detuvo a <strong>tres hombres adultos<\/strong> por el robo de accesorios y objetos desde un veh\u00edculo estacionado en la intersecci\u00f3n de las calles <strong>Eleuterio Ram\u00edrez con Manuel Bulnes.<br><\/strong><br>El procedimiento se inici\u00f3 a las <strong>02:15 horas<\/strong>, luego de que personal de seguridad de la empresa <strong>SAESA i<\/strong>nformara, a trav\u00e9s de las c\u00e1maras de vigilancia, sobre la presencia de cuatro sujetos sustrayendo especies desde un autom\u00f3vil. La denuncia fue recibida mediante el tel\u00e9fono del cuadrante, lo que permiti\u00f3 la r\u00e1pida llegada de <strong>Carabineros<\/strong> al lugar.<\/p>\n\n\n\n<p>Seg\u00fan el reporte policial, los delincuentes <strong>quebraron uno de los vidrios laterales del veh\u00edculo<\/strong> para sustraer diversos objetos, entre ellos, la <strong>radio del autom\u00f3vil y alimentos para apicultura<\/strong>.<\/p>\n\n\n\n<h3 class=\"wp-block-heading\"><a><\/a> Uso de inhibidor de se\u00f1al y prontuario de los detenidos<\/h3>\n\n\n\n<p><br>Durante la revisi\u00f3n de los detenidos, Carabineros encontr\u00f3 que uno de ellos <strong>ocultaba entre sus vestimentas un aparato inhibidor de se\u00f1al<\/strong>, lo que llev\u00f3 a imputarlo adem\u00e1s por el <strong>Art\u00edculo 445 del C\u00f3digo Penal<\/strong>, que sanciona el uso de herramientas destinadas a la comisi\u00f3n de delitos.<br><br>Los tres sujetos detenidos, <strong>todos con domicilio en Osorno<\/strong>, tienen entre <strong>18 y 30 a\u00f1os<\/strong> y registran un <strong>amplio prontuario policial por diversos delitos.<\/strong><\/p>\n\n\n\n<p>El aval\u00fao de las especies sustra\u00eddas asciende a <strong>$345.000.<\/strong><br><br>Por instrucciones de la <strong>Fiscal\u00eda Local del Ministerio P\u00fablico<\/strong>, los imputados fueron puestos a disposici\u00f3n de la justicia y pasar\u00e1n a control de detenci\u00f3n en las pr\u00f3ximas horas.<\/p>\n\n\n\n<h3 class=\"wp-block-heading\"><a><\/a>Para entender mejor<\/h3>\n\n\n\n<p><br><strong>\u00bfQu\u00e9 es el Art\u00edculo 445 del C\u00f3digo Penal?<\/strong><\/p>\n\n\n\n<p>Este art\u00edculo sanciona a quienes posean herramientas o dispositivos destinados a la comisi\u00f3n de robos o hurtos, incluyendo elementos como ganz\u00faas, inhibidores de se\u00f1al o cualquier otro artefacto usado para vulnerar medidas de seguridad.<br>\ud83d\udd17 C\u00f3digo Penal de Chile<br><br><strong>\u00bfQu\u00e9 es un inhibidor de se\u00f1al?<\/strong><br><br>Es un dispositivo electr\u00f3nico que bloquea se\u00f1ales de telecomunicaciones, como GPS, WiFi o Bluetooth. Se usa para evitar que alarmas o sistemas de rastreo funcionen correctamente. Su uso no autorizado est\u00e1 penalizado en Chile.<br><br><strong>\u00bfC\u00f3mo denunciar delitos en Osorno?<br><\/strong><br>Carabineros recomienda llamar a los n\u00fameros de <strong>emergencia 133<\/strong> o al tel\u00e9fono del <strong>cuadrante correspondiente.<\/strong> Tambi\u00e9n se pueden realizar denuncias an\u00f3nimas a trav\u00e9s de la l\u00ednea segura <strong>Denuncia Seguro (600 400 0101)<\/strong>.<\/p>\n","protected":false},"excerpt":{"rendered":"<p>Durante la madrugada de este martes, Carabineros de la Primera Comisar\u00eda de Osorno detuvo a tres hombres adultos por el robo de accesorios y objetos desde un veh\u00edculo estacionado en..<\/p>\n","protected":false},"author":6,"featured_media":7948,"comment_status":"closed","ping_status":"open","sticky":false,"template":"","format":"standard","meta":{"footnotes":""},"categories":[28],"tags":[],"class_list":["post-8149","post","type-post","status-publish","format-standard","has-post-thumbnail","hentry","category-actual"],"rttpg_featured_image_url":{"full":["https:\/\/elconquistadorredloslagos.cl\/test\/wp-content\/uploads\/2025\/03\/img-15.jpg",1920,1080,false],"landscape":["https:\/\/elconquistadorredloslagos.cl\/test\/wp-content\/uploads\/2025\/03\/img-15.jpg",1920,1080,false],"portraits":["https:\/\/elconquistadorredloslagos.cl\/test\/wp-content\/uploads\/2025\/03\/img-15.jpg",1920,1080,false],"thumbnail":["https:\/\/elconquistadorredloslagos.cl\/test\/wp-content\/uploads\/2025\/03\/img-15-150x150.jpg",150,150,true],"medium":["https:\/\/elconquistadorredloslagos.cl\/test\/wp-content\/uploads\/2025\/03\/img-15-300x169.jpg",300,169,true],"large":["https:\/\/elconquistadorredloslagos.cl\/test\/wp-content\/uploads\/2025\/03\/img-15-1024x576.jpg",1024,576,true],"1536x1536":["https:\/\/elconquistadorredloslagos.cl\/test\/wp-content\/uploads\/2025\/03\/img-15-1536x864.jpg",1536,864,true],"2048x2048":["https:\/\/elconquistadorredloslagos.cl\/test\/wp-content\/uploads\/2025\/03\/img-15.jpg",1920,1080,false]},"rttpg_author":{"display_name":"contactoosorno","author_link":"https:\/\/elconquistadorredloslagos.cl\/test\/blog\/author\/contactoosorno\/"},"rttpg_comment":0,"rttpg_category":"<a href=\"https:\/\/elconquistadorredloslagos.cl\/test\/blog\/category\/actual\/\" rel=\"category tag\">Actualidad<\/a>","rttpg_excerpt":"Durante la madrugada de este martes, Carabineros de la Primera Comisar\u00eda de Osorno detuvo a tres hombres adultos por el robo de accesorios y objetos desde un veh\u00edculo estacionado en..","_links":{"self":[{"href":"https:\/\/elconquistadorredloslagos.cl\/test\/wp-json\/wp\/v2\/posts\/8149","targetHints":{"allow":["GET"]}}],"collection":[{"href":"https:\/\/elconquistadorredloslagos.cl\/test\/wp-json\/wp\/v2\/posts"}],"about":[{"href":"https:\/\/elconquistadorredloslagos.cl\/test\/wp-json\/wp\/v2\/types\/post"}],"author":[{"embeddable":true,"href":"https:\/\/elconquistadorredloslagos.cl\/test\/wp-json\/wp\/v2\/users\/6"}],"replies":[{"embeddable":true,"href":"https:\/\/elconquistadorredloslagos.cl\/test\/wp-json\/wp\/v2\/comments?post=8149"}],"version-history":[{"count":1,"href":"https:\/\/elconquistadorredloslagos.cl\/test\/wp-json\/wp\/v2\/posts\/8149\/revisions"}],"predecessor-version":[{"id":8150,"href":"https:\/\/elconquistadorredloslagos.cl\/test\/wp-json\/wp\/v2\/posts\/8149\/revisions\/8150"}],"wp:featuredmedia":[{"embeddable":true,"href":"https:\/\/elconquistadorredloslagos.cl\/test\/wp-json\/wp\/v2\/media\/7948"}],"wp:attachment":[{"href":"https:\/\/elconquistadorredloslagos.cl\/test\/wp-json\/wp\/v2\/media?parent=8149"}],"wp:term":[{"taxonomy":"category","embeddable":true,"href":"https:\/\/elconquistadorredloslagos.cl\/test\/wp-json\/wp\/v2\/categories?post=8149"},{"taxonomy":"post_tag","embeddable":true,"href":"https:\/\/elconquistadorredloslagos.cl\/test\/wp-json\/wp\/v2\/tags?post=8149"}],"curies":[{"name":"wp","href":"https:\/\/api.w.org\/{rel}","templated":true}]}}