{"id":8148,"date":"2025-03-11T11:13:44","date_gmt":"2025-03-11T14:13:44","guid":{"rendered":"https:\/\/elconquistadorredloslagos.cl\/test\/?p=8148"},"modified":"2025-03-11T11:13:45","modified_gmt":"2025-03-11T14:13:45","slug":"evacuan-a-paciente-desde-inio-por-herida-con-arma-blanca","status":"publish","type":"post","link":"https:\/\/elconquistadorredloslagos.cl\/test\/blog\/2025\/03\/11\/evacuan-a-paciente-desde-inio-por-herida-con-arma-blanca\/","title":{"rendered":"Evacuan a paciente desde In\u00edo por herida con arma blanca"},"content":{"rendered":"\n<p>El Servicio de Atenci\u00f3n M\u00e9dica de Urgencia (SAMU), gestion\u00f3 la evacuaci\u00f3n aerom\u00e9dica de un paciente de 55 a\u00f1os desde el sector In\u00edo al sur de Quell\u00f3n, tras sufrir una lesi\u00f3n por arma blanca.<\/p>\n\n\n\n<p>A eso de las 3 de la madrugada comenz\u00f3 la coordinaci\u00f3n para el traslado del paciente v\u00eda helic\u00f3ptero hasta el hospital quellonino, donde fue evaluado recibiendo las atenciones correspondientes.<\/p>\n\n\n\n<p>Si bien la v\u00edctima no sufri\u00f3 lesiones con compromiso vascular, la escases de medios en In\u00edo hacia que fuera urgente la asistencia m\u00e9dica. Sebasti\u00e1n Schm\u00f3lz, jefe provincial del SAMU, detall\u00f3 lo que fue el operativo.<\/p>\n\n\n\n<figure class=\"wp-block-audio\"><audio controls src=\"https:\/\/elconquistadorredloslagos.cl\/test\/wp-content\/uploads\/2025\/03\/1-CUNA-SAMU-online-audio-converter.com_.mp3\"><\/audio><\/figure>\n\n\n\n<p>El Servicio de Salud Chilo\u00e9 cuenta con un convenio vigente para la aeroevacuaci\u00f3n de pacientes en situaci\u00f3n de riesgo vital y que permite el traslado v\u00eda a\u00e9rea sobre todo cuando las condiciones del paciente y condiciones meteorol\u00f3gicas no permitan una evacuaci\u00f3n mar\u00edtima.<\/p>\n","protected":false},"excerpt":{"rendered":"<p>El Servicio de Atenci\u00f3n M\u00e9dica de Urgencia (SAMU), gestion\u00f3 la evacuaci\u00f3n aerom\u00e9dica de un paciente de 55 a\u00f1os desde el sector In\u00edo al sur de Quell\u00f3n, tras sufrir una lesi\u00f3n..<\/p>\n","protected":false},"author":2,"featured_media":8152,"comment_status":"closed","ping_status":"open","sticky":false,"template":"","format":"standard","meta":{"footnotes":""},"categories":[1,28],"tags":[],"class_list":["post-8148","post","type-post","status-publish","format-standard","has-post-thumbnail","hentry","category-acontecer","category-actual"],"rttpg_featured_image_url":{"full":["https:\/\/elconquistadorredloslagos.cl\/test\/wp-content\/uploads\/2025\/03\/Sin-titulo-1.jpg",1920,1080,false],"landscape":["https:\/\/elconquistadorredloslagos.cl\/test\/wp-content\/uploads\/2025\/03\/Sin-titulo-1.jpg",1920,1080,false],"portraits":["https:\/\/elconquistadorredloslagos.cl\/test\/wp-content\/uploads\/2025\/03\/Sin-titulo-1.jpg",1920,1080,false],"thumbnail":["https:\/\/elconquistadorredloslagos.cl\/test\/wp-content\/uploads\/2025\/03\/Sin-titulo-1-150x150.jpg",150,150,true],"medium":["https:\/\/elconquistadorredloslagos.cl\/test\/wp-content\/uploads\/2025\/03\/Sin-titulo-1-300x169.jpg",300,169,true],"large":["https:\/\/elconquistadorredloslagos.cl\/test\/wp-content\/uploads\/2025\/03\/Sin-titulo-1-1024x576.jpg",1024,576,true],"1536x1536":["https:\/\/elconquistadorredloslagos.cl\/test\/wp-content\/uploads\/2025\/03\/Sin-titulo-1-1536x864.jpg",1536,864,true],"2048x2048":["https:\/\/elconquistadorredloslagos.cl\/test\/wp-content\/uploads\/2025\/03\/Sin-titulo-1.jpg",1920,1080,false]},"rttpg_author":{"display_name":"ccardenas","author_link":"https:\/\/elconquistadorredloslagos.cl\/test\/blog\/author\/ccardenas\/"},"rttpg_comment":0,"rttpg_category":"<a href=\"https:\/\/elconquistadorredloslagos.cl\/test\/blog\/category\/actual\/acontecer\/\" rel=\"category tag\">Acontecer<\/a> <a href=\"https:\/\/elconquistadorredloslagos.cl\/test\/blog\/category\/actual\/\" rel=\"category tag\">Actualidad<\/a>","rttpg_excerpt":"El Servicio de Atenci\u00f3n M\u00e9dica de Urgencia (SAMU), gestion\u00f3 la evacuaci\u00f3n aerom\u00e9dica de un paciente de 55 a\u00f1os desde el sector In\u00edo al sur de Quell\u00f3n, tras sufrir una lesi\u00f3n..","_links":{"self":[{"href":"https:\/\/elconquistadorredloslagos.cl\/test\/wp-json\/wp\/v2\/posts\/8148","targetHints":{"allow":["GET"]}}],"collection":[{"href":"https:\/\/elconquistadorredloslagos.cl\/test\/wp-json\/wp\/v2\/posts"}],"about":[{"href":"https:\/\/elconquistadorredloslagos.cl\/test\/wp-json\/wp\/v2\/types\/post"}],"author":[{"embeddable":true,"href":"https:\/\/elconquistadorredloslagos.cl\/test\/wp-json\/wp\/v2\/users\/2"}],"replies":[{"embeddable":true,"href":"https:\/\/elconquistadorredloslagos.cl\/test\/wp-json\/wp\/v2\/comments?post=8148"}],"version-history":[{"count":1,"href":"https:\/\/elconquistadorredloslagos.cl\/test\/wp-json\/wp\/v2\/posts\/8148\/revisions"}],"predecessor-version":[{"id":8153,"href":"https:\/\/elconquistadorredloslagos.cl\/test\/wp-json\/wp\/v2\/posts\/8148\/revisions\/8153"}],"wp:featuredmedia":[{"embeddable":true,"href":"https:\/\/elconquistadorredloslagos.cl\/test\/wp-json\/wp\/v2\/media\/8152"}],"wp:attachment":[{"href":"https:\/\/elconquistadorredloslagos.cl\/test\/wp-json\/wp\/v2\/media?parent=8148"}],"wp:term":[{"taxonomy":"category","embeddable":true,"href":"https:\/\/elconquistadorredloslagos.cl\/test\/wp-json\/wp\/v2\/categories?post=8148"},{"taxonomy":"post_tag","embeddable":true,"href":"https:\/\/elconquistadorredloslagos.cl\/test\/wp-json\/wp\/v2\/tags?post=8148"}],"curies":[{"name":"wp","href":"https:\/\/api.w.org\/{rel}","templated":true}]}}