{"id":8142,"date":"2025-03-10T15:05:18","date_gmt":"2025-03-10T18:05:18","guid":{"rendered":"https:\/\/elconquistadorredloslagos.cl\/test\/?p=8142"},"modified":"2025-03-10T15:05:19","modified_gmt":"2025-03-10T18:05:19","slug":"continua-la-prision-preventiva-para-el-ex-jefe-del-daem-de-puerto-montt","status":"publish","type":"post","link":"https:\/\/elconquistadorredloslagos.cl\/test\/blog\/2025\/03\/10\/continua-la-prision-preventiva-para-el-ex-jefe-del-daem-de-puerto-montt\/","title":{"rendered":"Contin\u00faa la prisi\u00f3n preventiva para el ex jefe del DAEM de Puerto Montt"},"content":{"rendered":"\n<p>El Juzgado de Garant\u00eda de Puerto Montt decidi\u00f3 mantener la prisi\u00f3n preventiva para Alb\u00e1n Mancilla, ex jefe del DAEM de la capital regional, acusado de cometer fraude al fisco.<\/p>\n\n\n\n<p>El otrora gobernador de Chilo\u00e9, est\u00e1 privado de libertad desde el pasado 4 de septiembre de 2024, en la investigaci\u00f3n por su eventual participaci\u00f3n en presuntas irregularidades como delitos de fraude al fisco y lavado de activos. Lo anterior se traduce en un perjuicio patrimonial que ascender\u00eda a unos 387 millones de pesos.<\/p>\n\n\n\n<p>El magistrado Francisco Almonacid apunt\u00f3 a que los funcionarios p\u00fablicos tienen la responsabilidad de cuidar los recursos de los ciudadanos.<\/p>\n\n\n\n<figure class=\"wp-block-audio\"><audio controls src=\"https:\/\/elconquistadorredloslagos.cl\/test\/wp-content\/uploads\/2025\/03\/CUNA-MAGISTRADO-OK.mp3\"><\/audio><\/figure>\n\n\n\n<p>El nuevo rev\u00e9s judicial para Alb\u00e1n Mancilla, se asimila al caso del exalcalde de Puerto Montt, Gervoy Paredes, quien tambi\u00e9n se encuentra en prisi\u00f3n preventiva.<\/p>\n","protected":false},"excerpt":{"rendered":"<p>El Juzgado de Garant\u00eda de Puerto Montt decidi\u00f3 mantener la prisi\u00f3n preventiva para Alb\u00e1n Mancilla, ex jefe del DAEM de la capital regional, acusado de cometer fraude al fisco. El..<\/p>\n","protected":false},"author":2,"featured_media":8145,"comment_status":"closed","ping_status":"open","sticky":false,"template":"","format":"standard","meta":{"footnotes":""},"categories":[1,28],"tags":[],"class_list":["post-8142","post","type-post","status-publish","format-standard","has-post-thumbnail","hentry","category-acontecer","category-actual"],"rttpg_featured_image_url":{"full":["https:\/\/elconquistadorredloslagos.cl\/test\/wp-content\/uploads\/2025\/03\/img_-7.jpg",1920,1080,false],"landscape":["https:\/\/elconquistadorredloslagos.cl\/test\/wp-content\/uploads\/2025\/03\/img_-7.jpg",1920,1080,false],"portraits":["https:\/\/elconquistadorredloslagos.cl\/test\/wp-content\/uploads\/2025\/03\/img_-7.jpg",1920,1080,false],"thumbnail":["https:\/\/elconquistadorredloslagos.cl\/test\/wp-content\/uploads\/2025\/03\/img_-7-150x150.jpg",150,150,true],"medium":["https:\/\/elconquistadorredloslagos.cl\/test\/wp-content\/uploads\/2025\/03\/img_-7-300x169.jpg",300,169,true],"large":["https:\/\/elconquistadorredloslagos.cl\/test\/wp-content\/uploads\/2025\/03\/img_-7-1024x576.jpg",1024,576,true],"1536x1536":["https:\/\/elconquistadorredloslagos.cl\/test\/wp-content\/uploads\/2025\/03\/img_-7-1536x864.jpg",1536,864,true],"2048x2048":["https:\/\/elconquistadorredloslagos.cl\/test\/wp-content\/uploads\/2025\/03\/img_-7.jpg",1920,1080,false]},"rttpg_author":{"display_name":"ccardenas","author_link":"https:\/\/elconquistadorredloslagos.cl\/test\/blog\/author\/ccardenas\/"},"rttpg_comment":0,"rttpg_category":"<a href=\"https:\/\/elconquistadorredloslagos.cl\/test\/blog\/category\/actual\/acontecer\/\" rel=\"category tag\">Acontecer<\/a> <a href=\"https:\/\/elconquistadorredloslagos.cl\/test\/blog\/category\/actual\/\" rel=\"category tag\">Actualidad<\/a>","rttpg_excerpt":"El Juzgado de Garant\u00eda de Puerto Montt decidi\u00f3 mantener la prisi\u00f3n preventiva para Alb\u00e1n Mancilla, ex jefe del DAEM de la capital regional, acusado de cometer fraude al fisco. El..","_links":{"self":[{"href":"https:\/\/elconquistadorredloslagos.cl\/test\/wp-json\/wp\/v2\/posts\/8142","targetHints":{"allow":["GET"]}}],"collection":[{"href":"https:\/\/elconquistadorredloslagos.cl\/test\/wp-json\/wp\/v2\/posts"}],"about":[{"href":"https:\/\/elconquistadorredloslagos.cl\/test\/wp-json\/wp\/v2\/types\/post"}],"author":[{"embeddable":true,"href":"https:\/\/elconquistadorredloslagos.cl\/test\/wp-json\/wp\/v2\/users\/2"}],"replies":[{"embeddable":true,"href":"https:\/\/elconquistadorredloslagos.cl\/test\/wp-json\/wp\/v2\/comments?post=8142"}],"version-history":[{"count":1,"href":"https:\/\/elconquistadorredloslagos.cl\/test\/wp-json\/wp\/v2\/posts\/8142\/revisions"}],"predecessor-version":[{"id":8146,"href":"https:\/\/elconquistadorredloslagos.cl\/test\/wp-json\/wp\/v2\/posts\/8142\/revisions\/8146"}],"wp:featuredmedia":[{"embeddable":true,"href":"https:\/\/elconquistadorredloslagos.cl\/test\/wp-json\/wp\/v2\/media\/8145"}],"wp:attachment":[{"href":"https:\/\/elconquistadorredloslagos.cl\/test\/wp-json\/wp\/v2\/media?parent=8142"}],"wp:term":[{"taxonomy":"category","embeddable":true,"href":"https:\/\/elconquistadorredloslagos.cl\/test\/wp-json\/wp\/v2\/categories?post=8142"},{"taxonomy":"post_tag","embeddable":true,"href":"https:\/\/elconquistadorredloslagos.cl\/test\/wp-json\/wp\/v2\/tags?post=8142"}],"curies":[{"name":"wp","href":"https:\/\/api.w.org\/{rel}","templated":true}]}}