{"id":8139,"date":"2025-03-10T14:42:35","date_gmt":"2025-03-10T17:42:35","guid":{"rendered":"https:\/\/elconquistadorredloslagos.cl\/test\/?p=8139"},"modified":"2025-03-10T14:42:35","modified_gmt":"2025-03-10T17:42:35","slug":"en-una-choza-asi-sobrevivio-javiera-cona-luego-de-extraviarse-en-el-valle-de-cochamo","status":"publish","type":"post","link":"https:\/\/elconquistadorredloslagos.cl\/test\/blog\/2025\/03\/10\/en-una-choza-asi-sobrevivio-javiera-cona-luego-de-extraviarse-en-el-valle-de-cochamo\/","title":{"rendered":"En una choza: as\u00ed sobrevivi\u00f3 Javiera Co\u00f1a luego de extraviarse en el Valle de Cocham\u00f3"},"content":{"rendered":"\n<p>Con el correr de las horas, nuevos antecedentes han sido dados a conocer tras el hallazgo de Javiera Co\u00f1a, estudiante universitaria de 29 a\u00f1os que estaba desaparecida en Cocham\u00f3.<\/p>\n\n\n\n<p>Fue en d\u00eda de ayer domingo, cuando las autoridades ratificaron que la joven estaba con vida, luego de permanecer por cinco largos d\u00edas en la zona de La Junta, lugar al que lleg\u00f3 en compa\u00f1\u00eda de una amiga para practicar trekking.<\/p>\n\n\n\n<p><strong>Pero \u00bfc\u00f3mo fue que sobrevivi\u00f3 Javiera?<\/strong><\/p>\n\n\n\n<p>En declaraciones a Las \u00daltimas Noticias, el alcalde de Puerto Montt, Rodrigo Wainraight, dio a conocer detalles del caso. \u201cSeg\u00fan me relataron los funcionarios municipales, logr\u00f3 resguardarse en un tipo de choza que hizo con ingenio ella misma, con ramas que recolect\u00f3 y acomod\u00f3 entre algunos \u00e1rboles para cubrirse, este justo frente al r\u00edo Mall\u00edn donde pod\u00eda tomar agua y estar un poco m\u00e1s a resguardo del viento, el fr\u00edo y la lluvia\u201d, explic\u00f3 el edil.<\/p>\n\n\n\n<p>Producto de los resguardos y las acciones de supervivencia realizadas, Javiera solo ten\u00eda principio de hipotermia, algunas lesiones menores, pero nada m\u00e1s, de acuerdo a lo indicado por su padre.<\/p>\n","protected":false},"excerpt":{"rendered":"<p>Con el correr de las horas, nuevos antecedentes han sido dados a conocer tras el hallazgo de Javiera Co\u00f1a, estudiante universitaria de 29 a\u00f1os que estaba desaparecida en Cocham\u00f3. Fue..<\/p>\n","protected":false},"author":2,"featured_media":8140,"comment_status":"closed","ping_status":"open","sticky":false,"template":"","format":"standard","meta":{"footnotes":""},"categories":[1,28],"tags":[],"class_list":["post-8139","post","type-post","status-publish","format-standard","has-post-thumbnail","hentry","category-acontecer","category-actual"],"rttpg_featured_image_url":{"full":["https:\/\/elconquistadorredloslagos.cl\/test\/wp-content\/uploads\/2025\/03\/img_-6.jpg",1536,864,false],"landscape":["https:\/\/elconquistadorredloslagos.cl\/test\/wp-content\/uploads\/2025\/03\/img_-6.jpg",1536,864,false],"portraits":["https:\/\/elconquistadorredloslagos.cl\/test\/wp-content\/uploads\/2025\/03\/img_-6.jpg",1536,864,false],"thumbnail":["https:\/\/elconquistadorredloslagos.cl\/test\/wp-content\/uploads\/2025\/03\/img_-6-150x150.jpg",150,150,true],"medium":["https:\/\/elconquistadorredloslagos.cl\/test\/wp-content\/uploads\/2025\/03\/img_-6-300x169.jpg",300,169,true],"large":["https:\/\/elconquistadorredloslagos.cl\/test\/wp-content\/uploads\/2025\/03\/img_-6-1024x576.jpg",1024,576,true],"1536x1536":["https:\/\/elconquistadorredloslagos.cl\/test\/wp-content\/uploads\/2025\/03\/img_-6.jpg",1536,864,false],"2048x2048":["https:\/\/elconquistadorredloslagos.cl\/test\/wp-content\/uploads\/2025\/03\/img_-6.jpg",1536,864,false]},"rttpg_author":{"display_name":"ccardenas","author_link":"https:\/\/elconquistadorredloslagos.cl\/test\/blog\/author\/ccardenas\/"},"rttpg_comment":0,"rttpg_category":"<a href=\"https:\/\/elconquistadorredloslagos.cl\/test\/blog\/category\/actual\/acontecer\/\" rel=\"category tag\">Acontecer<\/a> <a href=\"https:\/\/elconquistadorredloslagos.cl\/test\/blog\/category\/actual\/\" rel=\"category tag\">Actualidad<\/a>","rttpg_excerpt":"Con el correr de las horas, nuevos antecedentes han sido dados a conocer tras el hallazgo de Javiera Co\u00f1a, estudiante universitaria de 29 a\u00f1os que estaba desaparecida en Cocham\u00f3. Fue..","_links":{"self":[{"href":"https:\/\/elconquistadorredloslagos.cl\/test\/wp-json\/wp\/v2\/posts\/8139","targetHints":{"allow":["GET"]}}],"collection":[{"href":"https:\/\/elconquistadorredloslagos.cl\/test\/wp-json\/wp\/v2\/posts"}],"about":[{"href":"https:\/\/elconquistadorredloslagos.cl\/test\/wp-json\/wp\/v2\/types\/post"}],"author":[{"embeddable":true,"href":"https:\/\/elconquistadorredloslagos.cl\/test\/wp-json\/wp\/v2\/users\/2"}],"replies":[{"embeddable":true,"href":"https:\/\/elconquistadorredloslagos.cl\/test\/wp-json\/wp\/v2\/comments?post=8139"}],"version-history":[{"count":1,"href":"https:\/\/elconquistadorredloslagos.cl\/test\/wp-json\/wp\/v2\/posts\/8139\/revisions"}],"predecessor-version":[{"id":8141,"href":"https:\/\/elconquistadorredloslagos.cl\/test\/wp-json\/wp\/v2\/posts\/8139\/revisions\/8141"}],"wp:featuredmedia":[{"embeddable":true,"href":"https:\/\/elconquistadorredloslagos.cl\/test\/wp-json\/wp\/v2\/media\/8140"}],"wp:attachment":[{"href":"https:\/\/elconquistadorredloslagos.cl\/test\/wp-json\/wp\/v2\/media?parent=8139"}],"wp:term":[{"taxonomy":"category","embeddable":true,"href":"https:\/\/elconquistadorredloslagos.cl\/test\/wp-json\/wp\/v2\/categories?post=8139"},{"taxonomy":"post_tag","embeddable":true,"href":"https:\/\/elconquistadorredloslagos.cl\/test\/wp-json\/wp\/v2\/tags?post=8139"}],"curies":[{"name":"wp","href":"https:\/\/api.w.org\/{rel}","templated":true}]}}